{"id":154933,"date":"2026-04-11T06:22:18","date_gmt":"2026-04-11T09:22:18","guid":{"rendered":"https:\/\/obuxixeiro.com.br\/2026\/04\/11\/congresso-vota-em-30-de-abril-veto-de-lula-a-pl-da-dosimetria\/"},"modified":"2026-04-11T06:22:18","modified_gmt":"2026-04-11T09:22:18","slug":"congresso-vota-em-30-de-abril-veto-de-lula-a-pl-da-dosimetria","status":"publish","type":"post","link":"https:\/\/obuxixeiro.com.br\/?p=154933","title":{"rendered":"Congresso vota em 30 de abril veto de Lula a PL da Dosimetria"},"content":{"rendered":"<div>\n<p><strong>O presidente do Senado e do Congresso Nacional, Davi Alcolumbre (Uni\u00e3o-AP), marcou para 30 de abril sess\u00e3o do Congresso Nacional para analisar o veto do presidente Luiz In\u00e1cio Lula da Silva ao Projeto de Lei da Dosimetria, que prev\u00ea redu\u00e7\u00e3o de penas a\u00a0condenados por atos antidemocr\u00e1ticos.<\/strong><img decoding=\"async\" src=\"https:\/\/agenciabrasil.ebc.com.br\/ebc.png?id=1685419&#038;o=node\"><img decoding=\"async\" src=\"https:\/\/agenciabrasil.ebc.com.br\/ebc.gif?id=1685419&#038;o=node\"><\/p>\n<p>Alcolumbre divulgou a informa\u00e7\u00e3o nesta quinta-feira (9), por meio de nota.<\/p>\n<p>\u201cEst\u00e1 convocada sess\u00e3o do Congresso Nacional para o dia 30 de abril, com um \u00fanico item na pauta: o veto n\u00ba 3 de 2023, referente ao chamado PL da Dosimetria.\u201d<\/p>\n<p><strong>Veja mais detalhes no Rep\u00f3rter Brasil, da TV Brasil:<\/strong><\/p>\n<p><iframe allow=\"accelerometer; autoplay; clipboard-write; encrypted-media; gyroscope; picture-in-picture; web-share\" allowfullscreen frameborder=\"0\" height=\"315\" referrerpolicy=\"strict-origin-when-cross-origin\" src=\"https:\/\/www.youtube.com\/embed\/R-MshkEI9f0?si=9y9xpLuwAuPhjvHi&#038;start=889\" title=\"YouTube video player\" width=\"560\"><\/iframe><\/p>\n<p><strong>O Projeto de Lei (PL) 2162\/2023 foi vetado integralmente por Lula no come\u00e7o de janeiro.<\/strong> O an\u00fancio foi feito durante ato, no Pal\u00e1cio do Planalto, que marcou os tr\u00eas anos dos ataques\u00a0perpetrados por manifestantes apoiadores do ex-presidente Jair Bolsonaro que, inconformados com o resultado das elei\u00e7\u00f5es, invadiram o Congresso Nacional, o Pal\u00e1cio do Planalto e o Supremo Tribunal Federal (STF).<\/p>\n<blockquote>\n<p>\u201cTodos eles tiveram amplo direito de defesa, foram julgados com transpar\u00eancia e imparcialidade. E, ao final do julgamento, condenados com base em provas robustas, e n\u00e3o com ilegalidades em s\u00e9rie, meras convic\u00e7\u00f5es ou [apresenta\u00e7\u00f5es de] Powerpoint fajutas\u201d, disse Lula.<\/p>\n<\/blockquote>\n<p><strong>O foco do projeto \u00e9 uma mudan\u00e7a no c\u00e1lculo das penas, bem como a forma geral de c\u00e1lculo das penas, reduzindo tamb\u00e9m o tempo para progress\u00e3o do regime de pris\u00e3o fechado para semiaberto ou aberto.<\/strong><\/p>\n<p>Al\u00e9m de Bolsonaro,\u00a0tais mudan\u00e7as poder\u00e3o beneficiar r\u00e9us como os militares Almir Garnier, ex-comandante da Marinha; Paulo S\u00e9rgio Nogueira, ex-ministro da Defesa; Walter Braga Netto, ex-ministro da Casa Civil; e Augusto Heleno, ex-chefe do Gabinete de Seguran\u00e7a Institucional (GSI).<\/p>\n<p>O projeto de lei tamb\u00e9m reduziria o tempo de progress\u00e3o de pena para alguns criminosos comuns, segundo especialistas ouvidos pela<strong> Ag\u00eancia Brasil<\/strong>.<br \/> \u00a0<\/p>\n<\/p><\/div>\n","protected":false},"excerpt":{"rendered":"<p>O presidente do Senado e do Congresso Nacional, Davi Alcolumbre (Uni\u00e3o-AP), marcou para 30 de abril sess\u00e3o do Congresso Nacional para analisar o veto do presidente Luiz In\u00e1cio Lula da Silva ao Projeto de Lei da Dosimetria, que prev\u00ea redu\u00e7\u00e3o de penas a\u00a0condenados por atos antidemocr\u00e1ticos. Alcolumbre divulgou a informa\u00e7\u00e3o nesta quinta-feira (9), por meio<\/p>\n","protected":false},"author":1,"featured_media":154934,"comment_status":"closed","ping_status":"closed","sticky":false,"template":"","format":"standard","meta":{"footnotes":""},"categories":[33],"tags":[],"class_list":{"0":"post-154933","1":"post","2":"type-post","3":"status-publish","4":"format-standard","5":"has-post-thumbnail","7":"category-politica"},"_links":{"self":[{"href":"https:\/\/obuxixeiro.com.br\/index.php?rest_route=\/wp\/v2\/posts\/154933","targetHints":{"allow":["GET"]}}],"collection":[{"href":"https:\/\/obuxixeiro.com.br\/index.php?rest_route=\/wp\/v2\/posts"}],"about":[{"href":"https:\/\/obuxixeiro.com.br\/index.php?rest_route=\/wp\/v2\/types\/post"}],"author":[{"embeddable":true,"href":"https:\/\/obuxixeiro.com.br\/index.php?rest_route=\/wp\/v2\/users\/1"}],"replies":[{"embeddable":true,"href":"https:\/\/obuxixeiro.com.br\/index.php?rest_route=%2Fwp%2Fv2%2Fcomments&post=154933"}],"version-history":[{"count":0,"href":"https:\/\/obuxixeiro.com.br\/index.php?rest_route=\/wp\/v2\/posts\/154933\/revisions"}],"wp:featuredmedia":[{"embeddable":true,"href":"https:\/\/obuxixeiro.com.br\/index.php?rest_route=\/wp\/v2\/media\/154934"}],"wp:attachment":[{"href":"https:\/\/obuxixeiro.com.br\/index.php?rest_route=%2Fwp%2Fv2%2Fmedia&parent=154933"}],"wp:term":[{"taxonomy":"category","embeddable":true,"href":"https:\/\/obuxixeiro.com.br\/index.php?rest_route=%2Fwp%2Fv2%2Fcategories&post=154933"},{"taxonomy":"post_tag","embeddable":true,"href":"https:\/\/obuxixeiro.com.br\/index.php?rest_route=%2Fwp%2Fv2%2Ftags&post=154933"}],"curies":[{"name":"wp","href":"https:\/\/api.w.org\/{rel}","templated":true}]}}