{"id":154983,"date":"2026-04-11T06:22:37","date_gmt":"2026-04-11T09:22:37","guid":{"rendered":"https:\/\/obuxixeiro.com.br\/2026\/04\/11\/numero-de-escolas-de-samba-no-grupo-especial-do-rio-vai-aumentar\/"},"modified":"2026-04-11T06:22:37","modified_gmt":"2026-04-11T09:22:37","slug":"numero-de-escolas-de-samba-no-grupo-especial-do-rio-vai-aumentar","status":"publish","type":"post","link":"https:\/\/obuxixeiro.com.br\/?p=154983","title":{"rendered":"N\u00famero de escolas de samba no Grupo Especial do Rio vai aumentar"},"content":{"rendered":"<div id=\"block-system-main\">\n<div id=\"panel\">\n<div href=\"http:\/\/agenciabrasil.ebc.com.br\/#\">\n<figure>       <img decoding=\"async\" src=\"https:\/\/imagens.ebc.com.br\/iFPlYs03ZU2xV2Kd2xo_svzwILI=\/1170x700\/smart\/https:\/\/agenciabrasil.ebc.com.br\/sites\/default\/files\/thumbnails\/image\/13022024-53526530029_81ebd520a8_k.jpg?itok=jl5gfe_f\" alt=\"Rio de Janeiro. 13\/02\/2024. Carnaval 2024  Samb\u00f3dromo da Marqu\u00eas de Sapuca\u00ed, desfile da Portela.  Foto: Alex Ferro | Riotur\" title=\"Foto: Alex Ferro | Riotur\" id=\"media-371812\" data-old-src=\"https:\/\/agenciabrasil.ebc.com.br\/sites\/default\/files\/thumbnails\/image\/loading_v2.gif\" data-echo=\"https:\/\/imagens.ebc.com.br\/iFPlYs03ZU2xV2Kd2xo_svzwILI=\/1170x700\/smart\/https:\/\/agenciabrasil.ebc.com.br\/sites\/default\/files\/thumbnails\/image\/13022024-53526530029_81ebd520a8_k.jpg?itok=jl5gfe_f\"><figcaption>\u00a9 Foto: Alex Ferro | Riotur<\/figcaption><\/figure>\n<\/p><\/div>\n<div>\n<p>Uma boa not\u00edcia para quem gosta do carnaval na Sapuca\u00ed! <strong>At\u00e9 2030, o grupo especial ter\u00e1 15 escolas no desfile <\/strong>do principal espet\u00e1culo da Terra. O acordo entre a Liesa, Liga Independente das Escolas de Samba, e a prefeitura do Rio foi fechado nessa quinta-feira (9), na Cidade do Samba. <strong>A amplia\u00e7\u00e3o ser\u00e1 progressiva, <\/strong>explica o presidente da Liesa, Gabriel David.<img decoding=\"async\" src=\"https:\/\/agenciabrasil.ebc.com.br\/ebc.png?id=1685503&#038;o=node\"><img decoding=\"async\" src=\"https:\/\/agenciabrasil.ebc.com.br\/ebc.gif?id=1685503&#038;o=node\"><\/p>\n<blockquote>\n<p>\u201cIremos para o Carnaval de 2027 com as 12 escolas, onde uma escola vai descer para o grupo de acesso e duas escolas do grupo de acesso subir\u00e3o pro especial. Isso se repete em 2028, isso se repete em 2029. Em 2030, a gente vai pro desfile com 15 escolas no especial. Qual \u00e9 o barato desse modelo? D\u00e1 tempo da gente se preparar com todos os parceiros privados do Carnaval para que todo mundo tenha um cen\u00e1rio de protagonismo, equil\u00edbrio de competitividade, a gente n\u00e3o fira os trabalhadores, os artistas do carnaval\u201d.<\/p>\n<\/blockquote>\n<p>O prefeito do Rio, Eduardo Cavaliere, garantiu o suporte necess\u00e1rio para a transi\u00e7\u00e3o. Al\u00e9m do cronograma de expans\u00e3o, foi refor\u00e7ada na reuni\u00e3o a necessidade de garantir condi\u00e7\u00f5es estruturais equivalentes para todas as escolas, assegurando isonomia na prepara\u00e7\u00e3o dos desfiles.<\/p>\n<\/p><\/div>\n<\/p><\/div>\n<\/p><\/div>\n","protected":false},"excerpt":{"rendered":"<p>\u00a9 Foto: Alex Ferro | Riotur Uma boa not\u00edcia para quem gosta do carnaval na Sapuca\u00ed! At\u00e9 2030, o grupo especial ter\u00e1 15 escolas no desfile do principal espet\u00e1culo da Terra. O acordo entre a Liesa, Liga Independente das Escolas de Samba, e a prefeitura do Rio foi fechado nessa quinta-feira (9), na Cidade do<\/p>\n","protected":false},"author":1,"featured_media":154984,"comment_status":"closed","ping_status":"closed","sticky":false,"template":"","format":"standard","meta":{"footnotes":""},"categories":[40],"tags":[],"class_list":{"0":"post-154983","1":"post","2":"type-post","3":"status-publish","4":"format-standard","5":"has-post-thumbnail","7":"category-musica"},"_links":{"self":[{"href":"https:\/\/obuxixeiro.com.br\/index.php?rest_route=\/wp\/v2\/posts\/154983","targetHints":{"allow":["GET"]}}],"collection":[{"href":"https:\/\/obuxixeiro.com.br\/index.php?rest_route=\/wp\/v2\/posts"}],"about":[{"href":"https:\/\/obuxixeiro.com.br\/index.php?rest_route=\/wp\/v2\/types\/post"}],"author":[{"embeddable":true,"href":"https:\/\/obuxixeiro.com.br\/index.php?rest_route=\/wp\/v2\/users\/1"}],"replies":[{"embeddable":true,"href":"https:\/\/obuxixeiro.com.br\/index.php?rest_route=%2Fwp%2Fv2%2Fcomments&post=154983"}],"version-history":[{"count":0,"href":"https:\/\/obuxixeiro.com.br\/index.php?rest_route=\/wp\/v2\/posts\/154983\/revisions"}],"wp:featuredmedia":[{"embeddable":true,"href":"https:\/\/obuxixeiro.com.br\/index.php?rest_route=\/wp\/v2\/media\/154984"}],"wp:attachment":[{"href":"https:\/\/obuxixeiro.com.br\/index.php?rest_route=%2Fwp%2Fv2%2Fmedia&parent=154983"}],"wp:term":[{"taxonomy":"category","embeddable":true,"href":"https:\/\/obuxixeiro.com.br\/index.php?rest_route=%2Fwp%2Fv2%2Fcategories&post=154983"},{"taxonomy":"post_tag","embeddable":true,"href":"https:\/\/obuxixeiro.com.br\/index.php?rest_route=%2Fwp%2Fv2%2Ftags&post=154983"}],"curies":[{"name":"wp","href":"https:\/\/api.w.org\/{rel}","templated":true}]}}