{"id":154989,"date":"2026-04-11T06:22:34","date_gmt":"2026-04-11T09:22:34","guid":{"rendered":"https:\/\/obuxixeiro.com.br\/2026\/04\/11\/bale-teatro-castro-alves-comemora-45-anos-com-diversas-apresentacoes\/"},"modified":"2026-04-11T06:22:34","modified_gmt":"2026-04-11T09:22:34","slug":"bale-teatro-castro-alves-comemora-45-anos-com-diversas-apresentacoes","status":"publish","type":"post","link":"https:\/\/obuxixeiro.com.br\/?p=154989","title":{"rendered":"Bal\u00e9 Teatro Castro Alves comemora 45 anos com diversas apresenta\u00e7\u00f5es"},"content":{"rendered":"<div>\n<p>Um dos principais grupos de dan\u00e7a da Bahia, o Bal\u00e9 Teatro Castro Alves est\u00e1 completando 45 anos e tem v\u00e1rias apresenta\u00e7\u00f5es neste m\u00eas de abril. Uma delas \u00e9 o <strong>espet\u00e1culo \u201cVeriv\u00e9rbio\u201d, em cartaz nestas quinta (9), sexta (10) e s\u00e1bado (11) e tamb\u00e9m nos dias 23, 24 e 25 de abril, sempre a partir das 19h, no Goethe-Institut Salvador, localizado no Corredor da Vit\u00f3ria.<\/strong> Haver\u00e1 apresenta\u00e7\u00f5es tamb\u00e9m no Centro Cultural da cidade de Santo Ant\u00f4nio de Jesus, no dia 17 de abril, e no Sesc de Feira de Santana, no dia 29 deste m\u00eas.<img decoding=\"async\" src=\"https:\/\/agenciabrasil.ebc.com.br\/ebc.png?id=1685413&#038;o=node\"><img decoding=\"async\" src=\"https:\/\/agenciabrasil.ebc.com.br\/ebc.gif?id=1685413&#038;o=node\"><\/p>\n<p>A montagem investiga o ato de falar como uma manifesta\u00e7\u00e3o m\u00faltipla, que transcende a emiss\u00e3o verbal. Em cena, a palavra se transforma em gesto, ritmo e respira\u00e7\u00e3o, propondo uma dan\u00e7a que emerge como uma &#8220;fala sem voz&#8221;.<\/p>\n<h3>Aulas abertas<\/h3>\n<p><strong>Desde o in\u00edcio de abril, est\u00e3o ocorrendo tamb\u00e9m, no Espa\u00e7o Xisto Bahia, aulas abertas de pilates, bal\u00e9 cl\u00e1ssico e alongamento, sempre \u00e0s 13h, conduzidas por bailarinos da companhia.<\/strong> A iniciativa \u00e9 gratuita e voltada para artistas da dan\u00e7a e pessoas com n\u00edvel intermedi\u00e1rio e avan\u00e7ado. O calend\u00e1rio das aulas abertas est\u00e1 dispon\u00edvel no\u00a0perfil do bal\u00e9 no Instagram.<\/p>\n<h3>Bal\u00e9 Teatro Castro Alves<\/h3>\n<p>O Bal\u00e9 Teatro Castro Alves foi fundado em 1981 e faz parte do corpo art\u00edstico do Teatro Castro Alves, localizado em Salvador, na Bahia. O grupo \u00e9 a primeira companhia p\u00fablica de dan\u00e7a do eixo Norte-Nordeste e a quinta companhia de dan\u00e7a no Brasil. Nesses 45 anos de hist\u00f3ria, ele passou a ser refer\u00eancia na dan\u00e7a moderna e contempor\u00e2nea e j\u00e1 apresentou mais de 100 montagens de importantes core\u00f3grafos.<\/p>\n<\/p><\/div>\n","protected":false},"excerpt":{"rendered":"<p>Um dos principais grupos de dan\u00e7a da Bahia, o Bal\u00e9 Teatro Castro Alves est\u00e1 completando 45 anos e tem v\u00e1rias apresenta\u00e7\u00f5es neste m\u00eas de abril. Uma delas \u00e9 o espet\u00e1culo \u201cVeriv\u00e9rbio\u201d, em cartaz nestas quinta (9), sexta (10) e s\u00e1bado (11) e tamb\u00e9m nos dias 23, 24 e 25 de abril, sempre a partir das<\/p>\n","protected":false},"author":1,"featured_media":154990,"comment_status":"closed","ping_status":"closed","sticky":false,"template":"","format":"standard","meta":{"footnotes":""},"categories":[40],"tags":[],"class_list":{"0":"post-154989","1":"post","2":"type-post","3":"status-publish","4":"format-standard","5":"has-post-thumbnail","7":"category-musica"},"_links":{"self":[{"href":"https:\/\/obuxixeiro.com.br\/index.php?rest_route=\/wp\/v2\/posts\/154989","targetHints":{"allow":["GET"]}}],"collection":[{"href":"https:\/\/obuxixeiro.com.br\/index.php?rest_route=\/wp\/v2\/posts"}],"about":[{"href":"https:\/\/obuxixeiro.com.br\/index.php?rest_route=\/wp\/v2\/types\/post"}],"author":[{"embeddable":true,"href":"https:\/\/obuxixeiro.com.br\/index.php?rest_route=\/wp\/v2\/users\/1"}],"replies":[{"embeddable":true,"href":"https:\/\/obuxixeiro.com.br\/index.php?rest_route=%2Fwp%2Fv2%2Fcomments&post=154989"}],"version-history":[{"count":0,"href":"https:\/\/obuxixeiro.com.br\/index.php?rest_route=\/wp\/v2\/posts\/154989\/revisions"}],"wp:featuredmedia":[{"embeddable":true,"href":"https:\/\/obuxixeiro.com.br\/index.php?rest_route=\/wp\/v2\/media\/154990"}],"wp:attachment":[{"href":"https:\/\/obuxixeiro.com.br\/index.php?rest_route=%2Fwp%2Fv2%2Fmedia&parent=154989"}],"wp:term":[{"taxonomy":"category","embeddable":true,"href":"https:\/\/obuxixeiro.com.br\/index.php?rest_route=%2Fwp%2Fv2%2Fcategories&post=154989"},{"taxonomy":"post_tag","embeddable":true,"href":"https:\/\/obuxixeiro.com.br\/index.php?rest_route=%2Fwp%2Fv2%2Ftags&post=154989"}],"curies":[{"name":"wp","href":"https:\/\/api.w.org\/{rel}","templated":true}]}}