{"id":155083,"date":"2026-04-21T15:53:31","date_gmt":"2026-04-21T18:53:31","guid":{"rendered":"https:\/\/obuxixeiro.com.br\/2026\/04\/21\/governo-federal-anuncia-r-120-milhoes-para-pesquisa-clinica\/"},"modified":"2026-04-21T15:53:31","modified_gmt":"2026-04-21T18:53:31","slug":"governo-federal-anuncia-r-120-milhoes-para-pesquisa-clinica","status":"publish","type":"post","link":"https:\/\/obuxixeiro.com.br\/?p=155083","title":{"rendered":"Governo federal anuncia R$ 120 milh\u00f5es para pesquisa cl\u00ednica"},"content":{"rendered":"<div>\n<p><strong>O Minist\u00e9rio da Sa\u00fade lan\u00e7ou nesta sexta-feira (17) o Programa Nacional de Pesquisa Cl\u00ednica (PPClin) que vai destinar R$ 120 milh\u00f5es este ano por meio de consulta p\u00fablica para que hospitais federais, universidades e institutos de pesquisa apresentem propostas.<\/strong><img decoding=\"async\" src=\"https:\/\/agenciabrasil.ebc.com.br\/ebc.png?id=1686440&#038;o=node\"><img decoding=\"async\" src=\"https:\/\/agenciabrasil.ebc.com.br\/ebc.gif?id=1686440&#038;o=node\"><\/p>\n<div>\n<p>Com a iniciativa, o governo busca criar diretrizes para acelerar o desenvolvimento de medicamentos, tratamentos e equipamentos inovadores essenciais para a popula\u00e7\u00e3o e para o alcance da soberania nacional em sa\u00fade.<\/p>\n<p>>> Siga o canal da <strong>Ag\u00eancia Brasil <\/strong>no WhatsApp<\/p>\n<\/div>\n<p><strong>Segundo o ministro da Sa\u00fade, Alexandre Padilha, cada vez mais os hospitais brasileiros, do Sistema \u00danico de Sa\u00fade (SUS) e das universidades, v\u00e3o receber os principais estudos de novos medicamentos, vacinas e diagn\u00f3sticos.<\/strong><\/p>\n<blockquote>\n<p>\u201cA gente vai descobrindo os medicamentos mais adequados para as caracter\u00edsticas da popula\u00e7\u00e3o brasileira. Faz parte do esfor\u00e7o de aumentar a produ\u00e7\u00e3o local\u201d, disse Padilha, durante a abertura da feira SUS Inova Brasil, no Rio de Janeiro, que re\u00fane institui\u00e7\u00f5es p\u00fablicas e privadas da sa\u00fade.<\/p>\n<\/blockquote>\n<p><strong>Ainda na capital carioca, o ministro vai ao Instituto Nacional de C\u00e2ncer (Inca) para dar mais um passo na constru\u00e7\u00e3o do novo instituto.<\/strong><\/p>\n<blockquote>\n<p>\u201cO novo <em>campus <\/em>do Inca vai juntar 18 pr\u00e9dios que s\u00e3o fragmentados num grande hospital, com R$ 2,5 bilh\u00f5es previstos, uma parceria com o BNDES [Banco Nacional do Desenvolvimento Econ\u00f4mico e Social]\u201d, afirmou Padilha.<\/p>\n<\/blockquote>\n<p>Em sua terceira agenda, o ministro anuncia o carreta\u00e7o do Programa Agora Tem Especialistas, que levou unidades m\u00f3veis para novas localidades em todo o Brasil. Uma delas \u00e9 o bairro Realengo, na zona oeste, que recebe uma carreta de sa\u00fade da mulher voltada ao diagn\u00f3stico precoce de c\u00e2ncer de mama e do colo do \u00fatero.\u00a0<\/p>\n<\/p><\/div>\n","protected":false},"excerpt":{"rendered":"<p>O Minist\u00e9rio da Sa\u00fade lan\u00e7ou nesta sexta-feira (17) o Programa Nacional de Pesquisa Cl\u00ednica (PPClin) que vai destinar R$ 120 milh\u00f5es este ano por meio de consulta p\u00fablica para que hospitais federais, universidades e institutos de pesquisa apresentem propostas. Com a iniciativa, o governo busca criar diretrizes para acelerar o desenvolvimento de medicamentos, tratamentos e<\/p>\n","protected":false},"author":1,"featured_media":155084,"comment_status":"closed","ping_status":"closed","sticky":false,"template":"","format":"standard","meta":{"footnotes":""},"categories":[36],"tags":[],"class_list":{"0":"post-155083","1":"post","2":"type-post","3":"status-publish","4":"format-standard","5":"has-post-thumbnail","7":"category-saude"},"_links":{"self":[{"href":"https:\/\/obuxixeiro.com.br\/index.php?rest_route=\/wp\/v2\/posts\/155083","targetHints":{"allow":["GET"]}}],"collection":[{"href":"https:\/\/obuxixeiro.com.br\/index.php?rest_route=\/wp\/v2\/posts"}],"about":[{"href":"https:\/\/obuxixeiro.com.br\/index.php?rest_route=\/wp\/v2\/types\/post"}],"author":[{"embeddable":true,"href":"https:\/\/obuxixeiro.com.br\/index.php?rest_route=\/wp\/v2\/users\/1"}],"replies":[{"embeddable":true,"href":"https:\/\/obuxixeiro.com.br\/index.php?rest_route=%2Fwp%2Fv2%2Fcomments&post=155083"}],"version-history":[{"count":0,"href":"https:\/\/obuxixeiro.com.br\/index.php?rest_route=\/wp\/v2\/posts\/155083\/revisions"}],"wp:featuredmedia":[{"embeddable":true,"href":"https:\/\/obuxixeiro.com.br\/index.php?rest_route=\/wp\/v2\/media\/155084"}],"wp:attachment":[{"href":"https:\/\/obuxixeiro.com.br\/index.php?rest_route=%2Fwp%2Fv2%2Fmedia&parent=155083"}],"wp:term":[{"taxonomy":"category","embeddable":true,"href":"https:\/\/obuxixeiro.com.br\/index.php?rest_route=%2Fwp%2Fv2%2Fcategories&post=155083"},{"taxonomy":"post_tag","embeddable":true,"href":"https:\/\/obuxixeiro.com.br\/index.php?rest_route=%2Fwp%2Fv2%2Ftags&post=155083"}],"curies":[{"name":"wp","href":"https:\/\/api.w.org\/{rel}","templated":true}]}}