{"id":155372,"date":"2026-04-22T17:17:38","date_gmt":"2026-04-22T20:17:38","guid":{"rendered":"https:\/\/obuxixeiro.com.br\/2026\/04\/22\/filme-brasileiro-o-filho-de-mil-homens-e-destacado-pelo-new-york-times\/"},"modified":"2026-04-22T17:17:38","modified_gmt":"2026-04-22T20:17:38","slug":"filme-brasileiro-o-filho-de-mil-homens-e-destacado-pelo-new-york-times","status":"publish","type":"post","link":"https:\/\/obuxixeiro.com.br\/?p=155372","title":{"rendered":"Filme brasileiro O Filho de Mil Homens \u00e9 destacado pelo New York Times"},"content":{"rendered":"\n<div>\n<p><strong>Produ\u00e7\u00e3o nacional ganha visibilidade internacional ap\u00f3s indica\u00e7\u00e3o do jornal norte-americano<\/strong><\/p>\n<p>O filme brasileiro <em>O Filho de Mil Homens<\/em> foi destacado pelo jornal norte-americano The New York Times, ampliando a visibilidade da produ\u00e7\u00e3o no cen\u00e1rio internacional. A indica\u00e7\u00e3o coloca o t\u00edtulo entre obras recomendadas pelo ve\u00edculo, conhecido por acompanhar lan\u00e7amentos e tend\u00eancias do cinema global.<\/p>\n<p>A men\u00e7\u00e3o ao filme refor\u00e7a a presen\u00e7a do cinema brasileiro em circuitos internacionais e evidencia o interesse por narrativas produzidas no pa\u00eds. A obra, baseada em literatura nacional, integra um conjunto de produ\u00e7\u00f5es que t\u00eam buscado espa\u00e7o fora do Brasil, com circula\u00e7\u00e3o em festivais e plataformas.<\/p>\n<p>A indica\u00e7\u00e3o tamb\u00e9m contribui para ampliar o alcance do filme junto a novos p\u00fablicos, ao inserir a produ\u00e7\u00e3o em listas editoriais de refer\u00eancia no setor cultural. O destaque ocorre em meio a um cen\u00e1rio de crescente proje\u00e7\u00e3o de obras brasileiras no exterior.<\/p>\n<p><strong>HostingPRESS Ag\u00eancia de Not\u00edcias de S\u00e3o Paulo<\/strong><br \/>Conte\u00fado distribu\u00eddo por nossa Central de Jornalismo<br \/>Reprodu\u00e7\u00e3o autorizada mediante cr\u00e9dito da fonte<\/p>\n<p>Portal criado para conectar os leitores da regi\u00e3o ao melhor conte\u00fado<\/p>\n<p>Somos l\u00edderes de audi\u00eancia local. Somos sociais.\u00a0Conecte-se conosco.<\/p>\n<\/p><\/div>\n<section>  \t<img alt=\"Avatar photo\" src=\"https:\/\/hostingpress.com.br\/wp-content\/uploads\/2026\/03\/cropped-Divilgacao-95x95.jpeg\"  height=\"95\" width=\"95\" decoding=\"async\">\t \t<\/p>\n<div>\n<p>Vinicius Moror\u00f3<\/p>\n<p>Editor-Executivo-Regional | Jornalista | Diretor Editorial    Editor-Executivo-Regional da HostingPress Ag\u00eancia de Not\u00edcias de S\u00e3o Paulo, com atua\u00e7\u00e3o voltada \u00e0 coordena\u00e7\u00e3o editorial regional, articula\u00e7\u00e3o com ve\u00edculos parceiros e fortalecimento da distribui\u00e7\u00e3o de conte\u00fado jornal\u00edstico no Estado de S\u00e3o Paulo.      Editor-chefe do Jornal Impacto Cotia, com foco em jornalismo investigativo, interesse p\u00fablico e an\u00e1lise cr\u00edtica de temas pol\u00edticos, sociais e institucionais.<\/p>\n<\/p><\/div>\n<\/section>\n","protected":false},"excerpt":{"rendered":"<p>Produ\u00e7\u00e3o nacional ganha visibilidade internacional ap\u00f3s indica\u00e7\u00e3o do jornal norte-americano O filme brasileiro O Filho de Mil Homens foi destacado pelo jornal norte-americano The New York Times, ampliando a visibilidade da produ\u00e7\u00e3o no cen\u00e1rio internacional. A indica\u00e7\u00e3o coloca o t\u00edtulo entre obras recomendadas pelo ve\u00edculo, conhecido por acompanhar lan\u00e7amentos e tend\u00eancias do cinema global. A<\/p>\n","protected":false},"author":808,"featured_media":155373,"comment_status":"closed","ping_status":"closed","sticky":false,"template":"","format":"standard","meta":{"footnotes":""},"categories":[31],"tags":[],"class_list":{"0":"post-155372","1":"post","2":"type-post","3":"status-publish","4":"format-standard","5":"has-post-thumbnail","7":"category-mundo"},"_links":{"self":[{"href":"https:\/\/obuxixeiro.com.br\/index.php?rest_route=\/wp\/v2\/posts\/155372","targetHints":{"allow":["GET"]}}],"collection":[{"href":"https:\/\/obuxixeiro.com.br\/index.php?rest_route=\/wp\/v2\/posts"}],"about":[{"href":"https:\/\/obuxixeiro.com.br\/index.php?rest_route=\/wp\/v2\/types\/post"}],"author":[{"embeddable":true,"href":"https:\/\/obuxixeiro.com.br\/index.php?rest_route=\/wp\/v2\/users\/808"}],"replies":[{"embeddable":true,"href":"https:\/\/obuxixeiro.com.br\/index.php?rest_route=%2Fwp%2Fv2%2Fcomments&post=155372"}],"version-history":[{"count":0,"href":"https:\/\/obuxixeiro.com.br\/index.php?rest_route=\/wp\/v2\/posts\/155372\/revisions"}],"wp:featuredmedia":[{"embeddable":true,"href":"https:\/\/obuxixeiro.com.br\/index.php?rest_route=\/wp\/v2\/media\/155373"}],"wp:attachment":[{"href":"https:\/\/obuxixeiro.com.br\/index.php?rest_route=%2Fwp%2Fv2%2Fmedia&parent=155372"}],"wp:term":[{"taxonomy":"category","embeddable":true,"href":"https:\/\/obuxixeiro.com.br\/index.php?rest_route=%2Fwp%2Fv2%2Fcategories&post=155372"},{"taxonomy":"post_tag","embeddable":true,"href":"https:\/\/obuxixeiro.com.br\/index.php?rest_route=%2Fwp%2Fv2%2Ftags&post=155372"}],"curies":[{"name":"wp","href":"https:\/\/api.w.org\/{rel}","templated":true}]}}