{"id":155374,"date":"2026-04-22T17:17:44","date_gmt":"2026-04-22T20:17:44","guid":{"rendered":"https:\/\/obuxixeiro.com.br\/2026\/04\/22\/homem-e-baleado-durante-tentativa-de-assalto-em-sao-paulo\/"},"modified":"2026-04-22T17:17:44","modified_gmt":"2026-04-22T20:17:44","slug":"homem-e-baleado-durante-tentativa-de-assalto-em-sao-paulo","status":"publish","type":"post","link":"https:\/\/obuxixeiro.com.br\/?p=155374","title":{"rendered":"Homem \u00e9 baleado durante tentativa de assalto em S\u00e3o Paulo"},"content":{"rendered":"\n<div>\n<p><strong>V\u00edtima foi atingida e caso est\u00e1 sob investiga\u00e7\u00e3o das autoridades<\/strong><\/p>\n<p>Um homem foi baleado durante uma tentativa de assalto na cidade de S\u00e3o Paulo.<\/p>\n<p>De acordo com as informa\u00e7\u00f5es iniciais, a v\u00edtima foi atingida durante a a\u00e7\u00e3o criminosa. O caso foi registrado e est\u00e1 sendo investigado pelas autoridades.<\/p>\n<p>O homem foi socorrido ap\u00f3s o ocorrido, mas o material n\u00e3o detalha <strong>o estado de sa\u00fade atualizado, o local exato da ocorr\u00eancia nem a identidade dos envolvidos<\/strong>.<\/p>\n<p>Tamb\u00e9m n\u00e3o h\u00e1 confirma\u00e7\u00e3o sobre pris\u00e3o de suspeitos at\u00e9 o momento.<\/p>\n<p>As circunst\u00e2ncias do crime seguem em apura\u00e7\u00e3o, e novas informa\u00e7\u00f5es devem ser divulgadas conforme o avan\u00e7o das investiga\u00e7\u00f5es.<\/p>\n<p><strong>HostingPRESS Ag\u00eancia de Not\u00edcias de S\u00e3o Paulo<\/strong><br \/>Conte\u00fado distribu\u00eddo por nossa Central de Jornalismo<br \/>Reprodu\u00e7\u00e3o autorizada mediante cr\u00e9dito da fonte<\/p>\n<p>Portal criado para conectar os leitores da regi\u00e3o ao melhor conte\u00fado<\/p>\n<p>Somos l\u00edderes de audi\u00eancia local. Somos sociais.\u00a0Conecte-se conosco.<\/p>\n<\/p><\/div>\n<section>  \t<img alt=\"Avatar photo\" src=\"https:\/\/hostingpress.com.br\/wp-content\/uploads\/2026\/03\/cropped-Divilgacao-95x95.jpeg\"  height=\"95\" width=\"95\" decoding=\"async\">\t \t<\/p>\n<div>\n<p>Vinicius Moror\u00f3<\/p>\n<p>Editor-Executivo-Regional | Jornalista | Diretor Editorial    Editor-Executivo-Regional da HostingPress Ag\u00eancia de Not\u00edcias de S\u00e3o Paulo, com atua\u00e7\u00e3o voltada \u00e0 coordena\u00e7\u00e3o editorial regional, articula\u00e7\u00e3o com ve\u00edculos parceiros e fortalecimento da distribui\u00e7\u00e3o de conte\u00fado jornal\u00edstico no Estado de S\u00e3o Paulo.      Editor-chefe do Jornal Impacto Cotia, com foco em jornalismo investigativo, interesse p\u00fablico e an\u00e1lise cr\u00edtica de temas pol\u00edticos, sociais e institucionais.<\/p>\n<\/p><\/div>\n<\/section>\n","protected":false},"excerpt":{"rendered":"<p>V\u00edtima foi atingida e caso est\u00e1 sob investiga\u00e7\u00e3o das autoridades Um homem foi baleado durante uma tentativa de assalto na cidade de S\u00e3o Paulo. De acordo com as informa\u00e7\u00f5es iniciais, a v\u00edtima foi atingida durante a a\u00e7\u00e3o criminosa. O caso foi registrado e est\u00e1 sendo investigado pelas autoridades. O homem foi socorrido ap\u00f3s o ocorrido,<\/p>\n","protected":false},"author":808,"featured_media":155375,"comment_status":"closed","ping_status":"closed","sticky":false,"template":"","format":"standard","meta":{"footnotes":""},"categories":[35],"tags":[],"class_list":{"0":"post-155374","1":"post","2":"type-post","3":"status-publish","4":"format-standard","5":"has-post-thumbnail","7":"category-cidades"},"_links":{"self":[{"href":"https:\/\/obuxixeiro.com.br\/index.php?rest_route=\/wp\/v2\/posts\/155374","targetHints":{"allow":["GET"]}}],"collection":[{"href":"https:\/\/obuxixeiro.com.br\/index.php?rest_route=\/wp\/v2\/posts"}],"about":[{"href":"https:\/\/obuxixeiro.com.br\/index.php?rest_route=\/wp\/v2\/types\/post"}],"author":[{"embeddable":true,"href":"https:\/\/obuxixeiro.com.br\/index.php?rest_route=\/wp\/v2\/users\/808"}],"replies":[{"embeddable":true,"href":"https:\/\/obuxixeiro.com.br\/index.php?rest_route=%2Fwp%2Fv2%2Fcomments&post=155374"}],"version-history":[{"count":0,"href":"https:\/\/obuxixeiro.com.br\/index.php?rest_route=\/wp\/v2\/posts\/155374\/revisions"}],"wp:featuredmedia":[{"embeddable":true,"href":"https:\/\/obuxixeiro.com.br\/index.php?rest_route=\/wp\/v2\/media\/155375"}],"wp:attachment":[{"href":"https:\/\/obuxixeiro.com.br\/index.php?rest_route=%2Fwp%2Fv2%2Fmedia&parent=155374"}],"wp:term":[{"taxonomy":"category","embeddable":true,"href":"https:\/\/obuxixeiro.com.br\/index.php?rest_route=%2Fwp%2Fv2%2Fcategories&post=155374"},{"taxonomy":"post_tag","embeddable":true,"href":"https:\/\/obuxixeiro.com.br\/index.php?rest_route=%2Fwp%2Fv2%2Ftags&post=155374"}],"curies":[{"name":"wp","href":"https:\/\/api.w.org\/{rel}","templated":true}]}}