{"id":155376,"date":"2026-04-22T17:17:46","date_gmt":"2026-04-22T20:17:46","guid":{"rendered":"https:\/\/obuxixeiro.com.br\/2026\/04\/22\/meio-campista-oscar-anuncia-aposentadoria-aos-34-anos-por-problemas-cardiacos\/"},"modified":"2026-04-22T17:17:46","modified_gmt":"2026-04-22T20:17:46","slug":"meio-campista-oscar-anuncia-aposentadoria-aos-34-anos-por-problemas-cardiacos","status":"publish","type":"post","link":"https:\/\/obuxixeiro.com.br\/?p=155376","title":{"rendered":"Meio-campista Oscar anuncia aposentadoria aos 34 anos por problemas card\u00edacos"},"content":{"rendered":"\n<div>\n<p><strong>Ex-jogador da sele\u00e7\u00e3o brasileira encerra carreira ap\u00f3s diagn\u00f3stico m\u00e9dico<\/strong><\/p>\n<p>O meio-campista Oscar anunciou a <strong>aposentadoria aos 34 anos<\/strong> ap\u00f3s ser diagnosticado com problemas card\u00edacos, encerrando a carreira no futebol profissional. A decis\u00e3o foi tomada ap\u00f3s avalia\u00e7\u00e3o m\u00e9dica.<\/p>\n<p>Segundo as informa\u00e7\u00f5es divulgadas, o jogador recebeu orienta\u00e7\u00e3o para interromper as atividades esportivas em raz\u00e3o das condi\u00e7\u00f5es de sa\u00fade, o que motivou o fim da trajet\u00f3ria nos gramados. A medida segue protocolos voltados \u00e0 seguran\u00e7a de atletas em situa\u00e7\u00f5es cl\u00ednicas espec\u00edficas.<\/p>\n<p>Oscar teve passagem pela sele\u00e7\u00e3o brasileira e atuou em clubes nacionais e internacionais, construindo carreira no futebol profissional ao longo de mais de uma d\u00e9cada. A aposentadoria ocorre de forma antecipada em rela\u00e7\u00e3o \u00e0 m\u00e9dia da carreira de jogadores da posi\u00e7\u00e3o.<\/p>\n<p>O caso refor\u00e7a a import\u00e2ncia do acompanhamento m\u00e9dico no esporte de alto rendimento, especialmente em rela\u00e7\u00e3o a condi\u00e7\u00f5es que podem representar risco durante a pr\u00e1tica esportiva.<\/p>\n<p><strong>HostingPRESS Ag\u00eancia de Not\u00edcias de S\u00e3o Paulo<\/strong><br \/>Conte\u00fado distribu\u00eddo por nossa Central de Jornalismo<br \/>Reprodu\u00e7\u00e3o autorizada mediante cr\u00e9dito da fonte<\/p>\n<p>Portal criado para conectar os leitores da regi\u00e3o ao melhor conte\u00fado<\/p>\n<p>Somos l\u00edderes de audi\u00eancia local. Somos sociais.\u00a0Conecte-se conosco.<\/p>\n<\/p><\/div>\n<section>  \t<img alt=\"Avatar photo\" src=\"https:\/\/hostingpress.com.br\/wp-content\/uploads\/2026\/03\/cropped-Divilgacao-95x95.jpeg\"  height=\"95\" width=\"95\" decoding=\"async\">\t \t<\/p>\n<div>\n<p>Vinicius Moror\u00f3<\/p>\n<p>Editor-Executivo-Regional | Jornalista | Diretor Editorial    Editor-Executivo-Regional da HostingPress Ag\u00eancia de Not\u00edcias de S\u00e3o Paulo, com atua\u00e7\u00e3o voltada \u00e0 coordena\u00e7\u00e3o editorial regional, articula\u00e7\u00e3o com ve\u00edculos parceiros e fortalecimento da distribui\u00e7\u00e3o de conte\u00fado jornal\u00edstico no Estado de S\u00e3o Paulo.      Editor-chefe do Jornal Impacto Cotia, com foco em jornalismo investigativo, interesse p\u00fablico e an\u00e1lise cr\u00edtica de temas pol\u00edticos, sociais e institucionais.<\/p>\n<\/p><\/div>\n<\/section>\n","protected":false},"excerpt":{"rendered":"<p>Ex-jogador da sele\u00e7\u00e3o brasileira encerra carreira ap\u00f3s diagn\u00f3stico m\u00e9dico O meio-campista Oscar anunciou a aposentadoria aos 34 anos ap\u00f3s ser diagnosticado com problemas card\u00edacos, encerrando a carreira no futebol profissional. A decis\u00e3o foi tomada ap\u00f3s avalia\u00e7\u00e3o m\u00e9dica. Segundo as informa\u00e7\u00f5es divulgadas, o jogador recebeu orienta\u00e7\u00e3o para interromper as atividades esportivas em raz\u00e3o das condi\u00e7\u00f5es de<\/p>\n","protected":false},"author":808,"featured_media":155377,"comment_status":"closed","ping_status":"closed","sticky":false,"template":"","format":"standard","meta":{"footnotes":""},"categories":[39],"tags":[],"class_list":{"0":"post-155376","1":"post","2":"type-post","3":"status-publish","4":"format-standard","5":"has-post-thumbnail","7":"category-esportes"},"_links":{"self":[{"href":"https:\/\/obuxixeiro.com.br\/index.php?rest_route=\/wp\/v2\/posts\/155376","targetHints":{"allow":["GET"]}}],"collection":[{"href":"https:\/\/obuxixeiro.com.br\/index.php?rest_route=\/wp\/v2\/posts"}],"about":[{"href":"https:\/\/obuxixeiro.com.br\/index.php?rest_route=\/wp\/v2\/types\/post"}],"author":[{"embeddable":true,"href":"https:\/\/obuxixeiro.com.br\/index.php?rest_route=\/wp\/v2\/users\/808"}],"replies":[{"embeddable":true,"href":"https:\/\/obuxixeiro.com.br\/index.php?rest_route=%2Fwp%2Fv2%2Fcomments&post=155376"}],"version-history":[{"count":0,"href":"https:\/\/obuxixeiro.com.br\/index.php?rest_route=\/wp\/v2\/posts\/155376\/revisions"}],"wp:featuredmedia":[{"embeddable":true,"href":"https:\/\/obuxixeiro.com.br\/index.php?rest_route=\/wp\/v2\/media\/155377"}],"wp:attachment":[{"href":"https:\/\/obuxixeiro.com.br\/index.php?rest_route=%2Fwp%2Fv2%2Fmedia&parent=155376"}],"wp:term":[{"taxonomy":"category","embeddable":true,"href":"https:\/\/obuxixeiro.com.br\/index.php?rest_route=%2Fwp%2Fv2%2Fcategories&post=155376"},{"taxonomy":"post_tag","embeddable":true,"href":"https:\/\/obuxixeiro.com.br\/index.php?rest_route=%2Fwp%2Fv2%2Ftags&post=155376"}],"curies":[{"name":"wp","href":"https:\/\/api.w.org\/{rel}","templated":true}]}}