{"id":155378,"date":"2026-04-22T17:17:37","date_gmt":"2026-04-22T20:17:37","guid":{"rendered":"https:\/\/obuxixeiro.com.br\/2026\/04\/22\/nova-edicao-de-luxo-de-o-pequeno-principe-e-lancada-em-22-paises-com-participacao-de-artista-brasileiro\/"},"modified":"2026-04-22T17:17:37","modified_gmt":"2026-04-22T20:17:37","slug":"nova-edicao-de-luxo-de-o-pequeno-principe-e-lancada-em-22-paises-com-participacao-de-artista-brasileiro","status":"publish","type":"post","link":"https:\/\/obuxixeiro.com.br\/?p=155378","title":{"rendered":"Nova edi\u00e7\u00e3o de luxo de O Pequeno Pr\u00edncipe \u00e9 lan\u00e7ada em 22 pa\u00edses com participa\u00e7\u00e3o de artista brasileiro"},"content":{"rendered":"\n<div>\n<p><strong>Publica\u00e7\u00e3o traz releitura visual da obra cl\u00e1ssica com tra\u00e7os assinados por brasileiro<\/strong><\/p>\n<p>Uma nova edi\u00e7\u00e3o de luxo do livro <em>O Pequeno Pr\u00edncipe<\/em> ser\u00e1 lan\u00e7ada em <strong>22 pa\u00edses<\/strong>, trazendo uma releitura visual da obra com participa\u00e7\u00e3o de um artista brasileiro respons\u00e1vel pelos tra\u00e7os da nova vers\u00e3o. A publica\u00e7\u00e3o apresenta uma proposta gr\u00e1fica renovada para um dos t\u00edtulos mais conhecidos da literatura mundial.<\/p>\n<p>Segundo informa\u00e7\u00f5es divulgadas, a edi\u00e7\u00e3o aposta em <strong>elementos visuais atualizados<\/strong>, mantendo o conte\u00fado original da obra enquanto incorpora uma nova identidade art\u00edstica. A iniciativa integra estrat\u00e9gias do mercado editorial para reposicionar cl\u00e1ssicos liter\u00e1rios com formatos diferenciados.<\/p>\n<p>O projeto envolve circula\u00e7\u00e3o internacional e refor\u00e7a a presen\u00e7a de profissionais brasileiros em produ\u00e7\u00f5es culturais de alcance global. A nova edi\u00e7\u00e3o amplia o contato com a obra ao apresentar <strong>interpreta\u00e7\u00e3o visual contempor\u00e2nea<\/strong>, mantendo a narrativa original que consolidou o livro ao longo das d\u00e9cadas.<\/p>\n<p><strong>HostingPRESS Ag\u00eancia de Not\u00edcias de S\u00e3o Paulo<\/strong><br \/>Conte\u00fado distribu\u00eddo por nossa Central de Jornalismo<br \/>Reprodu\u00e7\u00e3o autorizada mediante cr\u00e9dito da fonte<\/p>\n<p>Portal criado para conectar os leitores da regi\u00e3o ao melhor conte\u00fado<\/p>\n<p>Somos l\u00edderes de audi\u00eancia local. Somos sociais.\u00a0Conecte-se conosco.<\/p>\n<\/p><\/div>\n<section>  \t<img alt=\"Avatar photo\" src=\"https:\/\/hostingpress.com.br\/wp-content\/uploads\/2026\/03\/cropped-Divilgacao-95x95.jpeg\"  height=\"95\" width=\"95\" decoding=\"async\">\t \t<\/p>\n<div>\n<p>Vinicius Moror\u00f3<\/p>\n<p>Editor-Executivo-Regional | Jornalista | Diretor Editorial    Editor-Executivo-Regional da HostingPress Ag\u00eancia de Not\u00edcias de S\u00e3o Paulo, com atua\u00e7\u00e3o voltada \u00e0 coordena\u00e7\u00e3o editorial regional, articula\u00e7\u00e3o com ve\u00edculos parceiros e fortalecimento da distribui\u00e7\u00e3o de conte\u00fado jornal\u00edstico no Estado de S\u00e3o Paulo.      Editor-chefe do Jornal Impacto Cotia, com foco em jornalismo investigativo, interesse p\u00fablico e an\u00e1lise cr\u00edtica de temas pol\u00edticos, sociais e institucionais.<\/p>\n<\/p><\/div>\n<\/section>\n","protected":false},"excerpt":{"rendered":"<p>Publica\u00e7\u00e3o traz releitura visual da obra cl\u00e1ssica com tra\u00e7os assinados por brasileiro Uma nova edi\u00e7\u00e3o de luxo do livro O Pequeno Pr\u00edncipe ser\u00e1 lan\u00e7ada em 22 pa\u00edses, trazendo uma releitura visual da obra com participa\u00e7\u00e3o de um artista brasileiro respons\u00e1vel pelos tra\u00e7os da nova vers\u00e3o. A publica\u00e7\u00e3o apresenta uma proposta gr\u00e1fica renovada para um dos<\/p>\n","protected":false},"author":808,"featured_media":155379,"comment_status":"closed","ping_status":"closed","sticky":false,"template":"","format":"standard","meta":{"footnotes":""},"categories":[31],"tags":[],"class_list":{"0":"post-155378","1":"post","2":"type-post","3":"status-publish","4":"format-standard","5":"has-post-thumbnail","7":"category-mundo"},"_links":{"self":[{"href":"https:\/\/obuxixeiro.com.br\/index.php?rest_route=\/wp\/v2\/posts\/155378","targetHints":{"allow":["GET"]}}],"collection":[{"href":"https:\/\/obuxixeiro.com.br\/index.php?rest_route=\/wp\/v2\/posts"}],"about":[{"href":"https:\/\/obuxixeiro.com.br\/index.php?rest_route=\/wp\/v2\/types\/post"}],"author":[{"embeddable":true,"href":"https:\/\/obuxixeiro.com.br\/index.php?rest_route=\/wp\/v2\/users\/808"}],"replies":[{"embeddable":true,"href":"https:\/\/obuxixeiro.com.br\/index.php?rest_route=%2Fwp%2Fv2%2Fcomments&post=155378"}],"version-history":[{"count":0,"href":"https:\/\/obuxixeiro.com.br\/index.php?rest_route=\/wp\/v2\/posts\/155378\/revisions"}],"wp:featuredmedia":[{"embeddable":true,"href":"https:\/\/obuxixeiro.com.br\/index.php?rest_route=\/wp\/v2\/media\/155379"}],"wp:attachment":[{"href":"https:\/\/obuxixeiro.com.br\/index.php?rest_route=%2Fwp%2Fv2%2Fmedia&parent=155378"}],"wp:term":[{"taxonomy":"category","embeddable":true,"href":"https:\/\/obuxixeiro.com.br\/index.php?rest_route=%2Fwp%2Fv2%2Fcategories&post=155378"},{"taxonomy":"post_tag","embeddable":true,"href":"https:\/\/obuxixeiro.com.br\/index.php?rest_route=%2Fwp%2Fv2%2Ftags&post=155378"}],"curies":[{"name":"wp","href":"https:\/\/api.w.org\/{rel}","templated":true}]}}