{"id":155380,"date":"2026-04-22T17:17:49","date_gmt":"2026-04-22T20:17:49","guid":{"rendered":"https:\/\/obuxixeiro.com.br\/2026\/04\/22\/homem-e-preso-suspeito-de-se-passar-por-motorista-de-aplicativo-em-sp\/"},"modified":"2026-04-22T17:17:49","modified_gmt":"2026-04-22T20:17:49","slug":"homem-e-preso-suspeito-de-se-passar-por-motorista-de-aplicativo-em-sp","status":"publish","type":"post","link":"https:\/\/obuxixeiro.com.br\/?p=155380","title":{"rendered":"Homem \u00e9 preso suspeito de se passar por motorista de aplicativo em SP"},"content":{"rendered":"\n<div>\n<p><strong>Caso envolve abordagem de v\u00edtimas fora de plataformas oficiais<\/strong><\/p>\n<p>Um homem foi preso sob suspeita de se passar por motorista de aplicativo na cidade de S\u00e3o Paulo.<\/p>\n<p>De acordo com as informa\u00e7\u00f5es divulgadas, o suspeito abordava v\u00edtimas fora dos canais oficiais dos aplicativos de transporte, oferecendo corridas sem intermedia\u00e7\u00e3o das plataformas.<\/p>\n<p>A pr\u00e1tica pode expor passageiros a riscos, j\u00e1 que n\u00e3o h\u00e1 registro da viagem, identifica\u00e7\u00e3o formal do motorista nem mecanismos de seguran\u00e7a utilizados pelos aplicativos.<\/p>\n<p>Ap\u00f3s a abordagem policial, o homem foi detido. O material n\u00e3o detalha <strong>quantas v\u00edtimas foram identificadas, h\u00e1 quanto tempo a pr\u00e1tica ocorria nem se houve registro de outros crimes associados<\/strong>.<\/p>\n<p>Casos desse tipo t\u00eam sido registrados em grandes centros urbanos e exigem aten\u00e7\u00e3o dos usu\u00e1rios no momento de solicitar transporte.<\/p>\n<p><strong>COMO EVITAR ESSE TIPO DE GOLPE<\/strong><\/p>\n<p>Especialistas em seguran\u00e7a recomendam:<\/p>\n<ul>\n<li>solicitar corridas apenas por aplicativos oficiais<\/li>\n<li>conferir nome, foto e placa do ve\u00edculo antes de embarcar<\/li>\n<li>evitar aceitar ofertas diretas de motoristas fora da plataforma<\/li>\n<li>compartilhar a viagem com contatos de confian\u00e7a<\/li>\n<\/ul>\n<p><strong>HostingPRESS Ag\u00eancia de Not\u00edcias de S\u00e3o Paulo<\/strong><br \/>Conte\u00fado distribu\u00eddo por nossa Central de Jornalismo<br \/>Reprodu\u00e7\u00e3o autorizada mediante cr\u00e9dito da fonte<\/p>\n<p>Portal criado para conectar os leitores da regi\u00e3o ao melhor conte\u00fado<\/p>\n<p>Somos l\u00edderes de audi\u00eancia local. Somos sociais.\u00a0Conecte-se conosco.<\/p>\n<\/p><\/div>\n<section>  \t<img alt=\"Avatar photo\" src=\"https:\/\/hostingpress.com.br\/wp-content\/uploads\/2026\/03\/cropped-Divilgacao-95x95.jpeg\"  height=\"95\" width=\"95\" decoding=\"async\">\t \t<\/p>\n<div>\n<p>Vinicius Moror\u00f3<\/p>\n<p>Editor-Executivo-Regional | Jornalista | Diretor Editorial    Editor-Executivo-Regional da HostingPress Ag\u00eancia de Not\u00edcias de S\u00e3o Paulo, com atua\u00e7\u00e3o voltada \u00e0 coordena\u00e7\u00e3o editorial regional, articula\u00e7\u00e3o com ve\u00edculos parceiros e fortalecimento da distribui\u00e7\u00e3o de conte\u00fado jornal\u00edstico no Estado de S\u00e3o Paulo.      Editor-chefe do Jornal Impacto Cotia, com foco em jornalismo investigativo, interesse p\u00fablico e an\u00e1lise cr\u00edtica de temas pol\u00edticos, sociais e institucionais.<\/p>\n<\/p><\/div>\n<\/section>\n","protected":false},"excerpt":{"rendered":"<p>Caso envolve abordagem de v\u00edtimas fora de plataformas oficiais Um homem foi preso sob suspeita de se passar por motorista de aplicativo na cidade de S\u00e3o Paulo. De acordo com as informa\u00e7\u00f5es divulgadas, o suspeito abordava v\u00edtimas fora dos canais oficiais dos aplicativos de transporte, oferecendo corridas sem intermedia\u00e7\u00e3o das plataformas. A pr\u00e1tica pode expor<\/p>\n","protected":false},"author":1,"featured_media":155381,"comment_status":"closed","ping_status":"closed","sticky":false,"template":"","format":"standard","meta":{"footnotes":""},"categories":[34],"tags":[],"class_list":{"0":"post-155380","1":"post","2":"type-post","3":"status-publish","4":"format-standard","5":"has-post-thumbnail","7":"category-policia"},"_links":{"self":[{"href":"https:\/\/obuxixeiro.com.br\/index.php?rest_route=\/wp\/v2\/posts\/155380","targetHints":{"allow":["GET"]}}],"collection":[{"href":"https:\/\/obuxixeiro.com.br\/index.php?rest_route=\/wp\/v2\/posts"}],"about":[{"href":"https:\/\/obuxixeiro.com.br\/index.php?rest_route=\/wp\/v2\/types\/post"}],"author":[{"embeddable":true,"href":"https:\/\/obuxixeiro.com.br\/index.php?rest_route=\/wp\/v2\/users\/1"}],"replies":[{"embeddable":true,"href":"https:\/\/obuxixeiro.com.br\/index.php?rest_route=%2Fwp%2Fv2%2Fcomments&post=155380"}],"version-history":[{"count":0,"href":"https:\/\/obuxixeiro.com.br\/index.php?rest_route=\/wp\/v2\/posts\/155380\/revisions"}],"wp:featuredmedia":[{"embeddable":true,"href":"https:\/\/obuxixeiro.com.br\/index.php?rest_route=\/wp\/v2\/media\/155381"}],"wp:attachment":[{"href":"https:\/\/obuxixeiro.com.br\/index.php?rest_route=%2Fwp%2Fv2%2Fmedia&parent=155380"}],"wp:term":[{"taxonomy":"category","embeddable":true,"href":"https:\/\/obuxixeiro.com.br\/index.php?rest_route=%2Fwp%2Fv2%2Fcategories&post=155380"},{"taxonomy":"post_tag","embeddable":true,"href":"https:\/\/obuxixeiro.com.br\/index.php?rest_route=%2Fwp%2Fv2%2Ftags&post=155380"}],"curies":[{"name":"wp","href":"https:\/\/api.w.org\/{rel}","templated":true}]}}