{"id":155382,"date":"2026-04-22T17:17:50","date_gmt":"2026-04-22T20:17:50","guid":{"rendered":"https:\/\/obuxixeiro.com.br\/2026\/04\/22\/professores-da-rede-estadual-de-sp-encerram-greve-mas-mantem-mobilizacao\/"},"modified":"2026-04-22T17:17:50","modified_gmt":"2026-04-22T20:17:50","slug":"professores-da-rede-estadual-de-sp-encerram-greve-mas-mantem-mobilizacao","status":"publish","type":"post","link":"https:\/\/obuxixeiro.com.br\/?p=155382","title":{"rendered":"Professores da rede estadual de SP encerram greve, mas mant\u00eam mobiliza\u00e7\u00e3o"},"content":{"rendered":"\n<div>\n<p><strong>Categoria retoma aulas ap\u00f3s paralisa\u00e7\u00e3o de dois dias e agenda novos atos por reajuste e mudan\u00e7as na educa\u00e7\u00e3o<\/strong><\/p>\n<p>Os professores da rede estadual de S\u00e3o Paulo decidiram encerrar a greve iniciada na \u00faltima semana, ap\u00f3s assembleia realizada na sexta-feira (10). Apesar do fim da paralisa\u00e7\u00e3o, a categoria definiu a continuidade da mobiliza\u00e7\u00e3o com uma agenda de atos e reuni\u00f5es em diferentes regi\u00f5es do estado.<\/p>\n<p>Segundo o Sindicato dos Professores do Ensino Oficial do Estado de S\u00e3o Paulo (Apeoesp), cerca de <strong>10 mil docentes participaram da assembleia<\/strong>, que avaliou a greve como positiva e indicou <strong>ades\u00e3o m\u00e9dia de 40% da rede estadual<\/strong>. Os dados s\u00e3o da entidade e n\u00e3o h\u00e1 confirma\u00e7\u00e3o independente sobre o \u00edndice de participa\u00e7\u00e3o.<\/p>\n<p>A mobiliza\u00e7\u00e3o segue nesta ter\u00e7a-feira (14), com ato previsto a partir das <strong>14h30 na Assembleia Legislativa de S\u00e3o Paulo (Alesp)<\/strong>. O objetivo \u00e9 pressionar parlamentares em rela\u00e7\u00e3o ao <strong>Projeto de Lei 1.316<\/strong>, que trata da Reforma Administrativa da Educa\u00e7\u00e3o.<\/p>\n<p>A categoria tamb\u00e9m convocou uma nova assembleia para o dia <strong>28 de abril<\/strong>, quando ser\u00e3o definidos os pr\u00f3ximos passos do movimento.<\/p>\n<p>Entre as principais reivindica\u00e7\u00f5es est\u00e3o o <strong>reajuste salarial<\/strong>, a aplica\u00e7\u00e3o do piso nacional como base da carreira, melhorias nas condi\u00e7\u00f5es de trabalho e mudan\u00e7as em pol\u00edticas educacionais adotadas pelo estado. Os professores tamb\u00e9m defendem a <strong>abertura de novas turmas<\/strong>, incluindo ensino noturno e educa\u00e7\u00e3o de jovens e adultos, al\u00e9m da amplia\u00e7\u00e3o do atendimento na educa\u00e7\u00e3o especial.<\/p>\n<p>Outro ponto de contesta\u00e7\u00e3o envolve a chamada <strong>plataformiza\u00e7\u00e3o do ensino<\/strong>, que se refere ao uso intensivo de ferramentas digitais de empresas privadas no ambiente escolar. O tema tem gerado debate sobre o impacto dessas tecnologias na autonomia pedag\u00f3gica e na rotina das escolas.<\/p>\n<p><strong>HostingPRESS Ag\u00eancia de Not\u00edcias de S\u00e3o Paulo<\/strong><br \/>Conte\u00fado distribu\u00eddo por nossa Central de Jornalismo<br \/>Reprodu\u00e7\u00e3o autorizada mediante cr\u00e9dito da fonte<\/p>\n<p>Portal criado para conectar os leitores da regi\u00e3o ao melhor conte\u00fado<\/p>\n<p>Somos l\u00edderes de audi\u00eancia local. Somos sociais.\u00a0Conecte-se conosco.<\/p>\n<\/p><\/div>\n<section>  \t<img alt=\"Avatar photo\" src=\"https:\/\/hostingpress.com.br\/wp-content\/uploads\/2026\/03\/cropped-Divilgacao-95x95.jpeg\"  height=\"95\" width=\"95\" decoding=\"async\">\t \t<\/p>\n<div>\n<p>Vinicius Moror\u00f3<\/p>\n<p>Editor-Executivo-Regional | Jornalista | Diretor Editorial    Editor-Executivo-Regional da HostingPress Ag\u00eancia de Not\u00edcias de S\u00e3o Paulo, com atua\u00e7\u00e3o voltada \u00e0 coordena\u00e7\u00e3o editorial regional, articula\u00e7\u00e3o com ve\u00edculos parceiros e fortalecimento da distribui\u00e7\u00e3o de conte\u00fado jornal\u00edstico no Estado de S\u00e3o Paulo.      Editor-chefe do Jornal Impacto Cotia, com foco em jornalismo investigativo, interesse p\u00fablico e an\u00e1lise cr\u00edtica de temas pol\u00edticos, sociais e institucionais.<\/p>\n<\/p><\/div>\n<\/section>\n","protected":false},"excerpt":{"rendered":"<p>Categoria retoma aulas ap\u00f3s paralisa\u00e7\u00e3o de dois dias e agenda novos atos por reajuste e mudan\u00e7as na educa\u00e7\u00e3o Os professores da rede estadual de S\u00e3o Paulo decidiram encerrar a greve iniciada na \u00faltima semana, ap\u00f3s assembleia realizada na sexta-feira (10). Apesar do fim da paralisa\u00e7\u00e3o, a categoria definiu a continuidade da mobiliza\u00e7\u00e3o com uma agenda<\/p>\n","protected":false},"author":808,"featured_media":155385,"comment_status":"closed","ping_status":"closed","sticky":false,"template":"","format":"standard","meta":{"footnotes":""},"categories":[33],"tags":[],"class_list":{"0":"post-155382","1":"post","2":"type-post","3":"status-publish","4":"format-standard","5":"has-post-thumbnail","7":"category-politica"},"_links":{"self":[{"href":"https:\/\/obuxixeiro.com.br\/index.php?rest_route=\/wp\/v2\/posts\/155382","targetHints":{"allow":["GET"]}}],"collection":[{"href":"https:\/\/obuxixeiro.com.br\/index.php?rest_route=\/wp\/v2\/posts"}],"about":[{"href":"https:\/\/obuxixeiro.com.br\/index.php?rest_route=\/wp\/v2\/types\/post"}],"author":[{"embeddable":true,"href":"https:\/\/obuxixeiro.com.br\/index.php?rest_route=\/wp\/v2\/users\/808"}],"replies":[{"embeddable":true,"href":"https:\/\/obuxixeiro.com.br\/index.php?rest_route=%2Fwp%2Fv2%2Fcomments&post=155382"}],"version-history":[{"count":0,"href":"https:\/\/obuxixeiro.com.br\/index.php?rest_route=\/wp\/v2\/posts\/155382\/revisions"}],"wp:featuredmedia":[{"embeddable":true,"href":"https:\/\/obuxixeiro.com.br\/index.php?rest_route=\/wp\/v2\/media\/155385"}],"wp:attachment":[{"href":"https:\/\/obuxixeiro.com.br\/index.php?rest_route=%2Fwp%2Fv2%2Fmedia&parent=155382"}],"wp:term":[{"taxonomy":"category","embeddable":true,"href":"https:\/\/obuxixeiro.com.br\/index.php?rest_route=%2Fwp%2Fv2%2Fcategories&post=155382"},{"taxonomy":"post_tag","embeddable":true,"href":"https:\/\/obuxixeiro.com.br\/index.php?rest_route=%2Fwp%2Fv2%2Ftags&post=155382"}],"curies":[{"name":"wp","href":"https:\/\/api.w.org\/{rel}","templated":true}]}}