{"id":155383,"date":"2026-04-22T17:17:45","date_gmt":"2026-04-22T20:17:45","guid":{"rendered":"https:\/\/obuxixeiro.com.br\/2026\/04\/22\/taca-paulistana-de-futebol-amador-comeca-dia-11-com-mais-de-2-mil-jogadores-em-sao-paulo\/"},"modified":"2026-04-22T17:17:45","modified_gmt":"2026-04-22T20:17:45","slug":"taca-paulistana-de-futebol-amador-comeca-dia-11-com-mais-de-2-mil-jogadores-em-sao-paulo","status":"publish","type":"post","link":"https:\/\/obuxixeiro.com.br\/?p=155383","title":{"rendered":"Ta\u00e7a Paulistana de futebol amador come\u00e7a dia 11 com mais de 2 mil jogadores em S\u00e3o Paulo"},"content":{"rendered":"\n<div>\n<p><strong>Competi\u00e7\u00e3o re\u00fane 96 equipes e marca in\u00edcio de torneio estadual de base amadora<\/strong><\/p>\n<p>A Ta\u00e7a Paulistana de futebol amador ter\u00e1 in\u00edcio no dia 11 com a participa\u00e7\u00e3o de <strong>96 equipes e mais de 2 mil jogadores<\/strong>, reunindo times em uma das principais competi\u00e7\u00f5es do segmento no estado de S\u00e3o Paulo. O torneio integra o calend\u00e1rio esportivo voltado ao futebol n\u00e3o profissional.<\/p>\n<p>Segundo informa\u00e7\u00f5es oficiais, a competi\u00e7\u00e3o mobiliza atletas de diferentes regi\u00f5es e promove a integra\u00e7\u00e3o entre equipes amadoras, com jogos distribu\u00eddos ao longo das etapas do campeonato. O volume de participantes destaca a dimens\u00e3o do torneio dentro do cen\u00e1rio esportivo estadual.<\/p>\n<p>A Ta\u00e7a Paulistana \u00e9 voltada ao desenvolvimento do futebol amador e oferece espa\u00e7o para visibilidade de atletas e equipes, al\u00e9m de incentivar a pr\u00e1tica esportiva. A disputa envolve diferentes fases e deve avan\u00e7ar conforme o cronograma definido pela organiza\u00e7\u00e3o.<\/p>\n<p><strong>HostingPRESS Ag\u00eancia de Not\u00edcias de S\u00e3o Paulo<\/strong><br \/>Conte\u00fado distribu\u00eddo por nossa Central de Jornalismo<br \/>Reprodu\u00e7\u00e3o autorizada mediante cr\u00e9dito da fonte<\/p>\n<p>Portal criado para conectar os leitores da regi\u00e3o ao melhor conte\u00fado<\/p>\n<p>Somos l\u00edderes de audi\u00eancia local. Somos sociais.\u00a0Conecte-se conosco.<\/p>\n<\/p><\/div>\n<section>  \t<img alt=\"Avatar photo\" src=\"https:\/\/hostingpress.com.br\/wp-content\/uploads\/2026\/03\/cropped-Divilgacao-95x95.jpeg\"  height=\"95\" width=\"95\" decoding=\"async\">\t \t<\/p>\n<div>\n<p>Vinicius Moror\u00f3<\/p>\n<p>Editor-Executivo-Regional | Jornalista | Diretor Editorial    Editor-Executivo-Regional da HostingPress Ag\u00eancia de Not\u00edcias de S\u00e3o Paulo, com atua\u00e7\u00e3o voltada \u00e0 coordena\u00e7\u00e3o editorial regional, articula\u00e7\u00e3o com ve\u00edculos parceiros e fortalecimento da distribui\u00e7\u00e3o de conte\u00fado jornal\u00edstico no Estado de S\u00e3o Paulo.      Editor-chefe do Jornal Impacto Cotia, com foco em jornalismo investigativo, interesse p\u00fablico e an\u00e1lise cr\u00edtica de temas pol\u00edticos, sociais e institucionais.<\/p>\n<\/p><\/div>\n<\/section>\n","protected":false},"excerpt":{"rendered":"<p>Competi\u00e7\u00e3o re\u00fane 96 equipes e marca in\u00edcio de torneio estadual de base amadora A Ta\u00e7a Paulistana de futebol amador ter\u00e1 in\u00edcio no dia 11 com a participa\u00e7\u00e3o de 96 equipes e mais de 2 mil jogadores, reunindo times em uma das principais competi\u00e7\u00f5es do segmento no estado de S\u00e3o Paulo. O torneio integra o calend\u00e1rio<\/p>\n","protected":false},"author":808,"featured_media":155387,"comment_status":"closed","ping_status":"closed","sticky":false,"template":"","format":"standard","meta":{"footnotes":""},"categories":[39],"tags":[],"class_list":{"0":"post-155383","1":"post","2":"type-post","3":"status-publish","4":"format-standard","5":"has-post-thumbnail","7":"category-esportes"},"_links":{"self":[{"href":"https:\/\/obuxixeiro.com.br\/index.php?rest_route=\/wp\/v2\/posts\/155383","targetHints":{"allow":["GET"]}}],"collection":[{"href":"https:\/\/obuxixeiro.com.br\/index.php?rest_route=\/wp\/v2\/posts"}],"about":[{"href":"https:\/\/obuxixeiro.com.br\/index.php?rest_route=\/wp\/v2\/types\/post"}],"author":[{"embeddable":true,"href":"https:\/\/obuxixeiro.com.br\/index.php?rest_route=\/wp\/v2\/users\/808"}],"replies":[{"embeddable":true,"href":"https:\/\/obuxixeiro.com.br\/index.php?rest_route=%2Fwp%2Fv2%2Fcomments&post=155383"}],"version-history":[{"count":0,"href":"https:\/\/obuxixeiro.com.br\/index.php?rest_route=\/wp\/v2\/posts\/155383\/revisions"}],"wp:featuredmedia":[{"embeddable":true,"href":"https:\/\/obuxixeiro.com.br\/index.php?rest_route=\/wp\/v2\/media\/155387"}],"wp:attachment":[{"href":"https:\/\/obuxixeiro.com.br\/index.php?rest_route=%2Fwp%2Fv2%2Fmedia&parent=155383"}],"wp:term":[{"taxonomy":"category","embeddable":true,"href":"https:\/\/obuxixeiro.com.br\/index.php?rest_route=%2Fwp%2Fv2%2Fcategories&post=155383"},{"taxonomy":"post_tag","embeddable":true,"href":"https:\/\/obuxixeiro.com.br\/index.php?rest_route=%2Fwp%2Fv2%2Ftags&post=155383"}],"curies":[{"name":"wp","href":"https:\/\/api.w.org\/{rel}","templated":true}]}}