{"id":155384,"date":"2026-04-22T17:17:48","date_gmt":"2026-04-22T20:17:48","guid":{"rendered":"https:\/\/obuxixeiro.com.br\/2026\/04\/22\/homem-e-preso-apos-ser-encontrado-em-telhado-em-sao-paulo\/"},"modified":"2026-04-22T17:17:48","modified_gmt":"2026-04-22T20:17:48","slug":"homem-e-preso-apos-ser-encontrado-em-telhado-em-sao-paulo","status":"publish","type":"post","link":"https:\/\/obuxixeiro.com.br\/?p=155384","title":{"rendered":"Homem \u00e9 preso ap\u00f3s ser encontrado em telhado em S\u00e3o Paulo"},"content":{"rendered":"\n<div>\n<p><strong>Caso foi registrado pelas autoridades e circunst\u00e2ncias ainda s\u00e3o apuradas<\/strong><\/p>\n<p>Um homem foi preso ap\u00f3s ser encontrado sobre o telhado de um im\u00f3vel na cidade de S\u00e3o Paulo.<\/p>\n<p>De acordo com as informa\u00e7\u00f5es iniciais, a presen\u00e7a do indiv\u00edduo no local chamou a aten\u00e7\u00e3o e mobilizou a atua\u00e7\u00e3o das autoridades, que realizaram a abordagem.<\/p>\n<p>Ap\u00f3s a interven\u00e7\u00e3o, o homem foi detido. O material n\u00e3o detalha <strong>o motivo da a\u00e7\u00e3o, se houve tentativa de fuga ou invas\u00e3o, nem o local exato da ocorr\u00eancia<\/strong>.<\/p>\n<p>As circunst\u00e2ncias do caso seguem sob apura\u00e7\u00e3o, e n\u00e3o h\u00e1 informa\u00e7\u00f5es completas sobre a situa\u00e7\u00e3o jur\u00eddica do detido.<\/p>\n<p>Ocorr\u00eancias desse tipo costumam envolver diferentes hip\u00f3teses, como tentativa de invas\u00e3o, fuga ou outras situa\u00e7\u00f5es que dependem de investiga\u00e7\u00e3o para confirma\u00e7\u00e3o.<\/p>\n<p><strong>HostingPRESS Ag\u00eancia de Not\u00edcias de S\u00e3o Paulo<\/strong><br \/>Conte\u00fado distribu\u00eddo por nossa Central de Jornalismo<br \/>Reprodu\u00e7\u00e3o autorizada mediante cr\u00e9dito da fonte<\/p>\n<p>Portal criado para conectar os leitores da regi\u00e3o ao melhor conte\u00fado<\/p>\n<p>Somos l\u00edderes de audi\u00eancia local. Somos sociais.\u00a0Conecte-se conosco.<\/p>\n<\/p><\/div>\n<section>  \t<img alt=\"Avatar photo\" src=\"https:\/\/hostingpress.com.br\/wp-content\/uploads\/2026\/03\/cropped-Divilgacao-95x95.jpeg\"  height=\"95\" width=\"95\" decoding=\"async\">\t \t<\/p>\n<div>\n<p>Vinicius Moror\u00f3<\/p>\n<p>Editor-Executivo-Regional | Jornalista | Diretor Editorial    Editor-Executivo-Regional da HostingPress Ag\u00eancia de Not\u00edcias de S\u00e3o Paulo, com atua\u00e7\u00e3o voltada \u00e0 coordena\u00e7\u00e3o editorial regional, articula\u00e7\u00e3o com ve\u00edculos parceiros e fortalecimento da distribui\u00e7\u00e3o de conte\u00fado jornal\u00edstico no Estado de S\u00e3o Paulo.      Editor-chefe do Jornal Impacto Cotia, com foco em jornalismo investigativo, interesse p\u00fablico e an\u00e1lise cr\u00edtica de temas pol\u00edticos, sociais e institucionais.<\/p>\n<\/p><\/div>\n<\/section>\n","protected":false},"excerpt":{"rendered":"<p>Caso foi registrado pelas autoridades e circunst\u00e2ncias ainda s\u00e3o apuradas Um homem foi preso ap\u00f3s ser encontrado sobre o telhado de um im\u00f3vel na cidade de S\u00e3o Paulo. De acordo com as informa\u00e7\u00f5es iniciais, a presen\u00e7a do indiv\u00edduo no local chamou a aten\u00e7\u00e3o e mobilizou a atua\u00e7\u00e3o das autoridades, que realizaram a abordagem. Ap\u00f3s a<\/p>\n","protected":false},"author":1,"featured_media":155386,"comment_status":"closed","ping_status":"closed","sticky":false,"template":"","format":"standard","meta":{"footnotes":""},"categories":[34],"tags":[],"class_list":{"0":"post-155384","1":"post","2":"type-post","3":"status-publish","4":"format-standard","5":"has-post-thumbnail","7":"category-policia"},"_links":{"self":[{"href":"https:\/\/obuxixeiro.com.br\/index.php?rest_route=\/wp\/v2\/posts\/155384","targetHints":{"allow":["GET"]}}],"collection":[{"href":"https:\/\/obuxixeiro.com.br\/index.php?rest_route=\/wp\/v2\/posts"}],"about":[{"href":"https:\/\/obuxixeiro.com.br\/index.php?rest_route=\/wp\/v2\/types\/post"}],"author":[{"embeddable":true,"href":"https:\/\/obuxixeiro.com.br\/index.php?rest_route=\/wp\/v2\/users\/1"}],"replies":[{"embeddable":true,"href":"https:\/\/obuxixeiro.com.br\/index.php?rest_route=%2Fwp%2Fv2%2Fcomments&post=155384"}],"version-history":[{"count":0,"href":"https:\/\/obuxixeiro.com.br\/index.php?rest_route=\/wp\/v2\/posts\/155384\/revisions"}],"wp:featuredmedia":[{"embeddable":true,"href":"https:\/\/obuxixeiro.com.br\/index.php?rest_route=\/wp\/v2\/media\/155386"}],"wp:attachment":[{"href":"https:\/\/obuxixeiro.com.br\/index.php?rest_route=%2Fwp%2Fv2%2Fmedia&parent=155384"}],"wp:term":[{"taxonomy":"category","embeddable":true,"href":"https:\/\/obuxixeiro.com.br\/index.php?rest_route=%2Fwp%2Fv2%2Fcategories&post=155384"},{"taxonomy":"post_tag","embeddable":true,"href":"https:\/\/obuxixeiro.com.br\/index.php?rest_route=%2Fwp%2Fv2%2Ftags&post=155384"}],"curies":[{"name":"wp","href":"https:\/\/api.w.org\/{rel}","templated":true}]}}