{"id":155390,"date":"2026-04-22T17:17:53","date_gmt":"2026-04-22T20:17:53","guid":{"rendered":"https:\/\/obuxixeiro.com.br\/2026\/04\/22\/feirao-casa-paulista-oferece-r-67-milhoes-em-subsidios-para-compra-do-primeiro-imovel\/"},"modified":"2026-04-22T17:17:53","modified_gmt":"2026-04-22T20:17:53","slug":"feirao-casa-paulista-oferece-r-67-milhoes-em-subsidios-para-compra-do-primeiro-imovel","status":"publish","type":"post","link":"https:\/\/obuxixeiro.com.br\/?p=155390","title":{"rendered":"Feir\u00e3o Casa Paulista oferece R$ 67 milh\u00f5es em subs\u00eddios para compra do primeiro im\u00f3vel"},"content":{"rendered":"\n<div>\n<p><strong>Recursos s\u00e3o destinados a fam\u00edlias de baixa renda, com regras espec\u00edficas de acesso<\/strong><\/p>\n<p>O Governo de S\u00e3o Paulo anunciou a disponibiliza\u00e7\u00e3o de <strong>mais de R$ 67 milh\u00f5es em subs\u00eddios habitacionais<\/strong> durante o Feir\u00e3o Casa Paulista, voltado \u00e0 compra do primeiro im\u00f3vel.<\/p>\n<p>Os recursos s\u00e3o destinados a fam\u00edlias de baixa renda e fazem parte de programas estaduais de incentivo \u00e0 habita\u00e7\u00e3o, com o objetivo de facilitar o acesso \u00e0 casa pr\u00f3pria.<\/p>\n<p>Os subs\u00eddios funcionam como um complemento financeiro na aquisi\u00e7\u00e3o do im\u00f3vel, reduzindo o valor financiado pelos compradores. O benef\u00edcio \u00e9 aplicado diretamente no contrato, conforme crit\u00e9rios definidos pelo programa.<\/p>\n<p>Para participar, o interessado deve verificar as condi\u00e7\u00f5es junto \u00e0s institui\u00e7\u00f5es participantes do feir\u00e3o, que incluem construtoras e agentes financeiros. <strong>O acesso ao subs\u00eddio depende de requisitos como renda familiar, enquadramento no programa e aprova\u00e7\u00e3o de cr\u00e9dito.<\/strong><\/p>\n<p>Apesar do volume anunciado, o material n\u00e3o detalha <strong>quantas fam\u00edlias devem ser atendidas, valores individuais dos subs\u00eddios nem crit\u00e9rios completos de sele\u00e7\u00e3o<\/strong>, o que exige aten\u00e7\u00e3o dos interessados.<\/p>\n<p><strong>HostingPRESS Ag\u00eancia de Not\u00edcias de S\u00e3o Paulo<\/strong><br \/>Conte\u00fado distribu\u00eddo por nossa Central de Jornalismo<br \/>Reprodu\u00e7\u00e3o autorizada mediante cr\u00e9dito da fonte<\/p>\n<p>Portal criado para conectar os leitores da regi\u00e3o ao melhor conte\u00fado<\/p>\n<p>Somos l\u00edderes de audi\u00eancia local. Somos sociais.\u00a0Conecte-se conosco.<\/p>\n<\/p><\/div>\n<section>  \t<img alt=\"Avatar photo\" src=\"https:\/\/hostingpress.com.br\/wp-content\/uploads\/2026\/03\/cropped-Divilgacao-95x95.jpeg\"  height=\"95\" width=\"95\" decoding=\"async\">\t \t<\/p>\n<div>\n<p>Vinicius Moror\u00f3<\/p>\n<p>Editor-Executivo-Regional | Jornalista | Diretor Editorial    Editor-Executivo-Regional da HostingPress Ag\u00eancia de Not\u00edcias de S\u00e3o Paulo, com atua\u00e7\u00e3o voltada \u00e0 coordena\u00e7\u00e3o editorial regional, articula\u00e7\u00e3o com ve\u00edculos parceiros e fortalecimento da distribui\u00e7\u00e3o de conte\u00fado jornal\u00edstico no Estado de S\u00e3o Paulo.      Editor-chefe do Jornal Impacto Cotia, com foco em jornalismo investigativo, interesse p\u00fablico e an\u00e1lise cr\u00edtica de temas pol\u00edticos, sociais e institucionais.<\/p>\n<\/p><\/div>\n<\/section>\n","protected":false},"excerpt":{"rendered":"<p>Recursos s\u00e3o destinados a fam\u00edlias de baixa renda, com regras espec\u00edficas de acesso O Governo de S\u00e3o Paulo anunciou a disponibiliza\u00e7\u00e3o de mais de R$ 67 milh\u00f5es em subs\u00eddios habitacionais durante o Feir\u00e3o Casa Paulista, voltado \u00e0 compra do primeiro im\u00f3vel. Os recursos s\u00e3o destinados a fam\u00edlias de baixa renda e fazem parte de programas<\/p>\n","protected":false},"author":808,"featured_media":155392,"comment_status":"closed","ping_status":"closed","sticky":false,"template":"","format":"standard","meta":{"footnotes":""},"categories":[38],"tags":[],"class_list":{"0":"post-155390","1":"post","2":"type-post","3":"status-publish","4":"format-standard","5":"has-post-thumbnail","7":"category-economia"},"_links":{"self":[{"href":"https:\/\/obuxixeiro.com.br\/index.php?rest_route=\/wp\/v2\/posts\/155390","targetHints":{"allow":["GET"]}}],"collection":[{"href":"https:\/\/obuxixeiro.com.br\/index.php?rest_route=\/wp\/v2\/posts"}],"about":[{"href":"https:\/\/obuxixeiro.com.br\/index.php?rest_route=\/wp\/v2\/types\/post"}],"author":[{"embeddable":true,"href":"https:\/\/obuxixeiro.com.br\/index.php?rest_route=\/wp\/v2\/users\/808"}],"replies":[{"embeddable":true,"href":"https:\/\/obuxixeiro.com.br\/index.php?rest_route=%2Fwp%2Fv2%2Fcomments&post=155390"}],"version-history":[{"count":0,"href":"https:\/\/obuxixeiro.com.br\/index.php?rest_route=\/wp\/v2\/posts\/155390\/revisions"}],"wp:featuredmedia":[{"embeddable":true,"href":"https:\/\/obuxixeiro.com.br\/index.php?rest_route=\/wp\/v2\/media\/155392"}],"wp:attachment":[{"href":"https:\/\/obuxixeiro.com.br\/index.php?rest_route=%2Fwp%2Fv2%2Fmedia&parent=155390"}],"wp:term":[{"taxonomy":"category","embeddable":true,"href":"https:\/\/obuxixeiro.com.br\/index.php?rest_route=%2Fwp%2Fv2%2Fcategories&post=155390"},{"taxonomy":"post_tag","embeddable":true,"href":"https:\/\/obuxixeiro.com.br\/index.php?rest_route=%2Fwp%2Fv2%2Ftags&post=155390"}],"curies":[{"name":"wp","href":"https:\/\/api.w.org\/{rel}","templated":true}]}}