{"id":155394,"date":"2026-04-22T17:17:44","date_gmt":"2026-04-22T20:17:44","guid":{"rendered":"https:\/\/obuxixeiro.com.br\/2026\/04\/22\/brasil-vence-croacia-por-3-a-1-em-amistoso-antes-da-convocacao-para-a-copa-de-2026\/"},"modified":"2026-04-22T17:17:44","modified_gmt":"2026-04-22T20:17:44","slug":"brasil-vence-croacia-por-3-a-1-em-amistoso-antes-da-convocacao-para-a-copa-de-2026","status":"publish","type":"post","link":"https:\/\/obuxixeiro.com.br\/?p=155394","title":{"rendered":"Brasil vence Cro\u00e1cia por 3 a 1 em amistoso antes da convoca\u00e7\u00e3o para a Copa de 2026"},"content":{"rendered":"\n<div>\n<p><strong>Sele\u00e7\u00e3o marca com Danilo, Igor Thiago e Martinelli e encerra prepara\u00e7\u00e3o pr\u00e9-lista final<\/strong><\/p>\n<p>A sele\u00e7\u00e3o brasileira venceu a Cro\u00e1cia por <strong>3 a 1<\/strong> nesta ter\u00e7a-feira (31), em amistoso disputado no Camping World Stadium, em Orlando, nos Estados Unidos. A partida foi o \u00faltimo compromisso da equipe antes da convoca\u00e7\u00e3o final para a Copa do Mundo de 2026.<\/p>\n<p>O Brasil abriu o placar ainda no fim do primeiro tempo, com <strong>gol de Danilo Santos<\/strong>, ap\u00f3s jogada iniciada por Matheus Cunha e participa\u00e7\u00e3o de Vinicius J\u00fanior. A equipe ampliou na etapa final com <strong>Igor Thiago<\/strong>, em cobran\u00e7a de p\u00eanalti, e fechou o marcador com <strong>Gabriel Martinelli<\/strong>, ap\u00f3s assist\u00eancia de Endrick.<\/p>\n<p>A Cro\u00e1cia chegou a empatar momentaneamente no segundo tempo, com gol de Majer, em jogada constru\u00edda a partir de lan\u00e7amento pela direita.<\/p>\n<p>A partida contou com diversas mudan\u00e7as nas duas equipes ao longo do segundo tempo, permitindo testes na forma\u00e7\u00e3o brasileira antes da defini\u00e7\u00e3o do elenco para o Mundial.<\/p>\n<p>A convoca\u00e7\u00e3o final da sele\u00e7\u00e3o est\u00e1 prevista para <strong>18 de maio<\/strong>, quando o t\u00e9cnico Carlo Ancelotti anunciar\u00e1 os <strong>26 jogadores<\/strong> que disputar\u00e3o a Copa do Mundo de 2026, sediada por Estados Unidos, Canad\u00e1 e M\u00e9xico.<\/p>\n<p>Ap\u00f3s a convoca\u00e7\u00e3o, a equipe se apresenta no dia <strong>25 de maio<\/strong>, na Granja Comary. Antes da estreia no Mundial, o Brasil ainda far\u00e1 amistosos contra Panam\u00e1 e Egito.<\/p>\n<p>A sele\u00e7\u00e3o brasileira est\u00e1 no <strong>Grupo C<\/strong> da competi\u00e7\u00e3o. A estreia ser\u00e1 contra Marrocos, no dia <strong>13 de junho<\/strong>, em Nova Jersey.<\/p>\n<p><strong>HostingPRESS Ag\u00eancia de Not\u00edcias de S\u00e3o Paulo<\/strong><br \/>Conte\u00fado distribu\u00eddo por nossa Central de Jornalismo<br \/>Reprodu\u00e7\u00e3o autorizada mediante cr\u00e9dito da fonte<\/p>\n<p>Portal criado para conectar os leitores da regi\u00e3o ao melhor conte\u00fado<\/p>\n<p>Somos l\u00edderes de audi\u00eancia local. Somos sociais.\u00a0Conecte-se conosco.<\/p>\n<\/p><\/div>\n<section>  \t<img alt=\"Avatar photo\" src=\"https:\/\/hostingpress.com.br\/wp-content\/uploads\/2026\/03\/cropped-Divilgacao-95x95.jpeg\"  height=\"95\" width=\"95\" decoding=\"async\">\t \t<\/p>\n<div>\n<p>Vinicius Moror\u00f3<\/p>\n<p>Editor-Executivo-Regional | Jornalista | Diretor Editorial    Editor-Executivo-Regional da HostingPress Ag\u00eancia de Not\u00edcias de S\u00e3o Paulo, com atua\u00e7\u00e3o voltada \u00e0 coordena\u00e7\u00e3o editorial regional, articula\u00e7\u00e3o com ve\u00edculos parceiros e fortalecimento da distribui\u00e7\u00e3o de conte\u00fado jornal\u00edstico no Estado de S\u00e3o Paulo.      Editor-chefe do Jornal Impacto Cotia, com foco em jornalismo investigativo, interesse p\u00fablico e an\u00e1lise cr\u00edtica de temas pol\u00edticos, sociais e institucionais.<\/p>\n<\/p><\/div>\n<\/section>\n","protected":false},"excerpt":{"rendered":"<p>Sele\u00e7\u00e3o marca com Danilo, Igor Thiago e Martinelli e encerra prepara\u00e7\u00e3o pr\u00e9-lista final A sele\u00e7\u00e3o brasileira venceu a Cro\u00e1cia por 3 a 1 nesta ter\u00e7a-feira (31), em amistoso disputado no Camping World Stadium, em Orlando, nos Estados Unidos. A partida foi o \u00faltimo compromisso da equipe antes da convoca\u00e7\u00e3o final para a Copa do Mundo<\/p>\n","protected":false},"author":808,"featured_media":155396,"comment_status":"closed","ping_status":"closed","sticky":false,"template":"","format":"standard","meta":{"footnotes":""},"categories":[39],"tags":[],"class_list":{"0":"post-155394","1":"post","2":"type-post","3":"status-publish","4":"format-standard","5":"has-post-thumbnail","7":"category-esportes"},"_links":{"self":[{"href":"https:\/\/obuxixeiro.com.br\/index.php?rest_route=\/wp\/v2\/posts\/155394","targetHints":{"allow":["GET"]}}],"collection":[{"href":"https:\/\/obuxixeiro.com.br\/index.php?rest_route=\/wp\/v2\/posts"}],"about":[{"href":"https:\/\/obuxixeiro.com.br\/index.php?rest_route=\/wp\/v2\/types\/post"}],"author":[{"embeddable":true,"href":"https:\/\/obuxixeiro.com.br\/index.php?rest_route=\/wp\/v2\/users\/808"}],"replies":[{"embeddable":true,"href":"https:\/\/obuxixeiro.com.br\/index.php?rest_route=%2Fwp%2Fv2%2Fcomments&post=155394"}],"version-history":[{"count":0,"href":"https:\/\/obuxixeiro.com.br\/index.php?rest_route=\/wp\/v2\/posts\/155394\/revisions"}],"wp:featuredmedia":[{"embeddable":true,"href":"https:\/\/obuxixeiro.com.br\/index.php?rest_route=\/wp\/v2\/media\/155396"}],"wp:attachment":[{"href":"https:\/\/obuxixeiro.com.br\/index.php?rest_route=%2Fwp%2Fv2%2Fmedia&parent=155394"}],"wp:term":[{"taxonomy":"category","embeddable":true,"href":"https:\/\/obuxixeiro.com.br\/index.php?rest_route=%2Fwp%2Fv2%2Fcategories&post=155394"},{"taxonomy":"post_tag","embeddable":true,"href":"https:\/\/obuxixeiro.com.br\/index.php?rest_route=%2Fwp%2Fv2%2Ftags&post=155394"}],"curies":[{"name":"wp","href":"https:\/\/api.w.org\/{rel}","templated":true}]}}