{"id":155395,"date":"2026-04-22T17:17:49","date_gmt":"2026-04-22T20:17:49","guid":{"rendered":"https:\/\/obuxixeiro.com.br\/2026\/04\/22\/governo-de-sp-abre-consulta-publica-para-plano-de-combate-ao-lixo-no-mar\/"},"modified":"2026-04-22T17:17:49","modified_gmt":"2026-04-22T20:17:49","slug":"governo-de-sp-abre-consulta-publica-para-plano-de-combate-ao-lixo-no-mar","status":"publish","type":"post","link":"https:\/\/obuxixeiro.com.br\/?p=155395","title":{"rendered":"Governo de SP abre consulta p\u00fablica para plano de combate ao lixo no mar"},"content":{"rendered":"\n<div>\n<p><strong>Proposta busca enfrentar polui\u00e7\u00e3o marinha; participa\u00e7\u00e3o segue aberta at\u00e9 15 de maio por formul\u00e1rio online<\/strong><\/p>\n<p>O Governo de S\u00e3o Paulo abriu uma <strong>consulta p\u00fablica para elabora\u00e7\u00e3o do Plano Estadual de Combate ao Lixo no Mar<\/strong>, iniciativa que pretende estruturar a\u00e7\u00f5es contra a polui\u00e7\u00e3o marinha no litoral paulista. A participa\u00e7\u00e3o est\u00e1 aberta at\u00e9 <strong>15 de maio<\/strong>, por meio de formul\u00e1rio eletr\u00f4nico disponibilizado pela Secretaria de Meio Ambiente, Infraestrutura e Log\u00edstica.<\/p>\n<p>Interessados, incluindo cidad\u00e3os, empresas, universidades e organiza\u00e7\u00f5es, podem enviar contribui\u00e7\u00f5es diretamente pela plataforma oficial. <strong>Para participar, clique aqui.<\/strong><\/p>\n<p>A proposta busca consolidar uma pol\u00edtica p\u00fablica voltada \u00e0 redu\u00e7\u00e3o de res\u00edduos no ambiente marinho, problema que impacta <strong>sa\u00fade p\u00fablica, turismo, pesca e atividades econ\u00f4micas no litoral<\/strong>.<\/p>\n<p>Dados apresentados pelo governo indicam que <strong>mais de 90% do lixo encontrado nas praias paulistas \u00e9 composto por pl\u00e1stico<\/strong>, sendo grande parte formada por itens de uso \u00fanico, que permanecem no ambiente por longos per\u00edodos.<\/p>\n<p>Estudos citados no material apontam que res\u00edduos s\u00f3lidos foram identificados em <strong>todas as praias analisadas no litoral brasileiro<\/strong>, indicando ampla presen\u00e7a de polui\u00e7\u00e3o. Tamb\u00e9m h\u00e1 estimativas de preju\u00edzos econ\u00f4micos associados ao lixo no oceano, afetando servi\u00e7os ambientais e atividades produtivas.<\/p>\n<p>O plano em consulta foi estruturado com base em levantamentos t\u00e9cnicos e deve reunir propostas para ampliar o monitoramento, reduzir a gera\u00e7\u00e3o de res\u00edduos e melhorar a gest\u00e3o do lixo nas \u00e1reas costeiras.<\/p>\n<p>O governo tamb\u00e9m menciona a\u00e7\u00f5es j\u00e1 existentes, como programas de retirada de res\u00edduos do mar com participa\u00e7\u00e3o de pescadores. No entanto, o material n\u00e3o apresenta avalia\u00e7\u00e3o independente sobre os resultados dessas iniciativas.<\/p>\n<p>Apesar da abertura para participa\u00e7\u00e3o social, n\u00e3o h\u00e1 detalhamento sobre <strong>como as contribui\u00e7\u00f5es ser\u00e3o incorporadas ao plano final<\/strong>, nem sobre metas obrigat\u00f3rias ou prazos de execu\u00e7\u00e3o ap\u00f3s o encerramento da consulta.<\/p>\n<p><strong>HostingPRESS Ag\u00eancia de Not\u00edcias de S\u00e3o Paulo<\/strong><br \/>Conte\u00fado distribu\u00eddo por nossa Central de Jornalismo<br \/>Reprodu\u00e7\u00e3o autorizada mediante cr\u00e9dito da fonte<\/p>\n<p>Portal criado para conectar os leitores da regi\u00e3o ao melhor conte\u00fado<\/p>\n<p>Somos l\u00edderes de audi\u00eancia local. Somos sociais.\u00a0Conecte-se conosco.<\/p>\n<\/p><\/div>\n<section>  \t<img alt=\"Avatar photo\" src=\"https:\/\/hostingpress.com.br\/wp-content\/uploads\/2026\/03\/cropped-Divilgacao-95x95.jpeg\"  height=\"95\" width=\"95\" decoding=\"async\">\t \t<\/p>\n<div>\n<p>Vinicius Moror\u00f3<\/p>\n<p>Editor-Executivo-Regional | Jornalista | Diretor Editorial    Editor-Executivo-Regional da HostingPress Ag\u00eancia de Not\u00edcias de S\u00e3o Paulo, com atua\u00e7\u00e3o voltada \u00e0 coordena\u00e7\u00e3o editorial regional, articula\u00e7\u00e3o com ve\u00edculos parceiros e fortalecimento da distribui\u00e7\u00e3o de conte\u00fado jornal\u00edstico no Estado de S\u00e3o Paulo.      Editor-chefe do Jornal Impacto Cotia, com foco em jornalismo investigativo, interesse p\u00fablico e an\u00e1lise cr\u00edtica de temas pol\u00edticos, sociais e institucionais.<\/p>\n<\/p><\/div>\n<\/section>\n","protected":false},"excerpt":{"rendered":"<p>Proposta busca enfrentar polui\u00e7\u00e3o marinha; participa\u00e7\u00e3o segue aberta at\u00e9 15 de maio por formul\u00e1rio online O Governo de S\u00e3o Paulo abriu uma consulta p\u00fablica para elabora\u00e7\u00e3o do Plano Estadual de Combate ao Lixo no Mar, iniciativa que pretende estruturar a\u00e7\u00f5es contra a polui\u00e7\u00e3o marinha no litoral paulista. A participa\u00e7\u00e3o est\u00e1 aberta at\u00e9 15 de maio,<\/p>\n","protected":false},"author":808,"featured_media":155397,"comment_status":"closed","ping_status":"closed","sticky":false,"template":"","format":"standard","meta":{"footnotes":""},"categories":[33],"tags":[],"class_list":{"0":"post-155395","1":"post","2":"type-post","3":"status-publish","4":"format-standard","5":"has-post-thumbnail","7":"category-politica"},"_links":{"self":[{"href":"https:\/\/obuxixeiro.com.br\/index.php?rest_route=\/wp\/v2\/posts\/155395","targetHints":{"allow":["GET"]}}],"collection":[{"href":"https:\/\/obuxixeiro.com.br\/index.php?rest_route=\/wp\/v2\/posts"}],"about":[{"href":"https:\/\/obuxixeiro.com.br\/index.php?rest_route=\/wp\/v2\/types\/post"}],"author":[{"embeddable":true,"href":"https:\/\/obuxixeiro.com.br\/index.php?rest_route=\/wp\/v2\/users\/808"}],"replies":[{"embeddable":true,"href":"https:\/\/obuxixeiro.com.br\/index.php?rest_route=%2Fwp%2Fv2%2Fcomments&post=155395"}],"version-history":[{"count":0,"href":"https:\/\/obuxixeiro.com.br\/index.php?rest_route=\/wp\/v2\/posts\/155395\/revisions"}],"wp:featuredmedia":[{"embeddable":true,"href":"https:\/\/obuxixeiro.com.br\/index.php?rest_route=\/wp\/v2\/media\/155397"}],"wp:attachment":[{"href":"https:\/\/obuxixeiro.com.br\/index.php?rest_route=%2Fwp%2Fv2%2Fmedia&parent=155395"}],"wp:term":[{"taxonomy":"category","embeddable":true,"href":"https:\/\/obuxixeiro.com.br\/index.php?rest_route=%2Fwp%2Fv2%2Fcategories&post=155395"},{"taxonomy":"post_tag","embeddable":true,"href":"https:\/\/obuxixeiro.com.br\/index.php?rest_route=%2Fwp%2Fv2%2Ftags&post=155395"}],"curies":[{"name":"wp","href":"https:\/\/api.w.org\/{rel}","templated":true}]}}