{"id":155398,"date":"2026-04-22T17:17:55","date_gmt":"2026-04-22T20:17:55","guid":{"rendered":"https:\/\/obuxixeiro.com.br\/2026\/04\/22\/sp-abre-17-mil-vagas-em-cursos-gratuitos-com-inscricoes-ate-28-de-abril\/"},"modified":"2026-04-22T17:17:55","modified_gmt":"2026-04-22T20:17:55","slug":"sp-abre-17-mil-vagas-em-cursos-gratuitos-com-inscricoes-ate-28-de-abril","status":"publish","type":"post","link":"https:\/\/obuxixeiro.com.br\/?p=155398","title":{"rendered":"SP abre 1,7 mil vagas em cursos gratuitos com inscri\u00e7\u00f5es at\u00e9 28 de abril"},"content":{"rendered":"\n<div>\n<p><strong>Aulas come\u00e7am no dia 27 em unidades da capital e Grande S\u00e3o Paulo<\/strong><\/p>\n<p>O Governo de S\u00e3o Paulo abriu <strong>1.760 vagas em cursos gratuitos de qualifica\u00e7\u00e3o profissional<\/strong>, com in\u00edcio das aulas previsto para o dia <strong>27 de abril<\/strong>. As forma\u00e7\u00f5es ser\u00e3o realizadas nas Pra\u00e7as da Cidadania e nos Centros de Integra\u00e7\u00e3o da Cidadania (CICs), na capital e na Grande S\u00e3o Paulo.<\/p>\n<p>As inscri\u00e7\u00f5es s\u00e3o gratuitas e podem ser feitas pela internet ou presencialmente. <strong>Para se inscrever, acesse:<\/strong> http:\/\/www.cursofussp.sp.gov.br<\/p>\n<p>Os cursos s\u00e3o voltados \u00e0 capacita\u00e7\u00e3o profissional e abrangem \u00e1reas com demanda no mercado de trabalho, como <strong>gastronomia, beleza, moda, tecnologia e servi\u00e7os<\/strong>. As aulas s\u00e3o presenciais, com turmas nos per\u00edodos da manh\u00e3 e da tarde.<\/p>\n<p>Para confirmar a matr\u00edcula, o candidato deve apresentar <strong>documento oficial com foto<\/strong>. O prazo de inscri\u00e7\u00e3o segue at\u00e9 <strong>28 de abril<\/strong>, e a recomenda\u00e7\u00e3o \u00e9 verificar diretamente na unidade escolhida a disponibilidade de vagas, j\u00e1 que a oferta pode variar por regi\u00e3o.<\/p>\n<p>As atividades acontecem de segunda a sexta-feira, com dura\u00e7\u00e3o que varia de <strong>uma semana a um m\u00eas<\/strong>, dependendo do curso.<\/p>\n<p><strong>Onde participar<\/strong><\/p>\n<p>As vagas est\u00e3o distribu\u00eddas em unidades das Pra\u00e7as da Cidadania e dos CICs em cidades como S\u00e3o Paulo, Guarulhos, Osasco, Mau\u00e1, Itapevi, Itaquaquecetuba, S\u00e3o Bernardo do Campo, Santo Andr\u00e9, Campinas e Mogi das Cruzes, entre outras.<\/p>\n<p><strong>HostingPRESS Ag\u00eancia de Not\u00edcias de S\u00e3o Paulo<\/strong><br \/>Conte\u00fado distribu\u00eddo por nossa Central de Jornalismo<br \/>Reprodu\u00e7\u00e3o autorizada mediante cr\u00e9dito da fonte<\/p>\n<p>Portal criado para conectar os leitores da regi\u00e3o ao melhor conte\u00fado<\/p>\n<p>Somos l\u00edderes de audi\u00eancia local. Somos sociais.\u00a0Conecte-se conosco.<\/p>\n<\/p><\/div>\n<section>  \t<img alt=\"Avatar photo\" src=\"https:\/\/hostingpress.com.br\/wp-content\/uploads\/2026\/03\/cropped-Divilgacao-95x95.jpeg\"  height=\"95\" width=\"95\" decoding=\"async\">\t \t<\/p>\n<div>\n<p>Vinicius Moror\u00f3<\/p>\n<p>Editor-Executivo-Regional | Jornalista | Diretor Editorial    Editor-Executivo-Regional da HostingPress Ag\u00eancia de Not\u00edcias de S\u00e3o Paulo, com atua\u00e7\u00e3o voltada \u00e0 coordena\u00e7\u00e3o editorial regional, articula\u00e7\u00e3o com ve\u00edculos parceiros e fortalecimento da distribui\u00e7\u00e3o de conte\u00fado jornal\u00edstico no Estado de S\u00e3o Paulo.      Editor-chefe do Jornal Impacto Cotia, com foco em jornalismo investigativo, interesse p\u00fablico e an\u00e1lise cr\u00edtica de temas pol\u00edticos, sociais e institucionais.<\/p>\n<\/p><\/div>\n<\/section>\n","protected":false},"excerpt":{"rendered":"<p>Aulas come\u00e7am no dia 27 em unidades da capital e Grande S\u00e3o Paulo O Governo de S\u00e3o Paulo abriu 1.760 vagas em cursos gratuitos de qualifica\u00e7\u00e3o profissional, com in\u00edcio das aulas previsto para o dia 27 de abril. As forma\u00e7\u00f5es ser\u00e3o realizadas nas Pra\u00e7as da Cidadania e nos Centros de Integra\u00e7\u00e3o da Cidadania (CICs), na<\/p>\n","protected":false},"author":808,"featured_media":155399,"comment_status":"closed","ping_status":"closed","sticky":false,"template":"","format":"standard","meta":{"footnotes":""},"categories":[37],"tags":[],"class_list":{"0":"post-155398","1":"post","2":"type-post","3":"status-publish","4":"format-standard","5":"has-post-thumbnail","7":"category-educacao"},"_links":{"self":[{"href":"https:\/\/obuxixeiro.com.br\/index.php?rest_route=\/wp\/v2\/posts\/155398","targetHints":{"allow":["GET"]}}],"collection":[{"href":"https:\/\/obuxixeiro.com.br\/index.php?rest_route=\/wp\/v2\/posts"}],"about":[{"href":"https:\/\/obuxixeiro.com.br\/index.php?rest_route=\/wp\/v2\/types\/post"}],"author":[{"embeddable":true,"href":"https:\/\/obuxixeiro.com.br\/index.php?rest_route=\/wp\/v2\/users\/808"}],"replies":[{"embeddable":true,"href":"https:\/\/obuxixeiro.com.br\/index.php?rest_route=%2Fwp%2Fv2%2Fcomments&post=155398"}],"version-history":[{"count":0,"href":"https:\/\/obuxixeiro.com.br\/index.php?rest_route=\/wp\/v2\/posts\/155398\/revisions"}],"wp:featuredmedia":[{"embeddable":true,"href":"https:\/\/obuxixeiro.com.br\/index.php?rest_route=\/wp\/v2\/media\/155399"}],"wp:attachment":[{"href":"https:\/\/obuxixeiro.com.br\/index.php?rest_route=%2Fwp%2Fv2%2Fmedia&parent=155398"}],"wp:term":[{"taxonomy":"category","embeddable":true,"href":"https:\/\/obuxixeiro.com.br\/index.php?rest_route=%2Fwp%2Fv2%2Fcategories&post=155398"},{"taxonomy":"post_tag","embeddable":true,"href":"https:\/\/obuxixeiro.com.br\/index.php?rest_route=%2Fwp%2Fv2%2Ftags&post=155398"}],"curies":[{"name":"wp","href":"https:\/\/api.w.org\/{rel}","templated":true}]}}