{"id":155402,"date":"2026-04-22T17:17:52","date_gmt":"2026-04-22T20:17:52","guid":{"rendered":"https:\/\/obuxixeiro.com.br\/2026\/04\/22\/acao-gratuita-de-saude-sera-realizada-na-estacao-jundiai-nesta-quarta-16\/"},"modified":"2026-04-22T17:17:52","modified_gmt":"2026-04-22T20:17:52","slug":"acao-gratuita-de-saude-sera-realizada-na-estacao-jundiai-nesta-quarta-16","status":"publish","type":"post","link":"https:\/\/obuxixeiro.com.br\/?p=155402","title":{"rendered":"A\u00e7\u00e3o gratuita de sa\u00fade ser\u00e1 realizada na esta\u00e7\u00e3o Jundia\u00ed nesta quarta (16)"},"content":{"rendered":"\n<div>\n<p><strong>Atendimento ao p\u00fablico acontece das 10h \u00e0s 16h com orienta\u00e7\u00f5es e atividades educativas<\/strong><\/p>\n<p>Uma a\u00e7\u00e3o gratuita de sa\u00fade e bem-estar ser\u00e1 realizada nesta quarta-feira (16) na esta\u00e7\u00e3o Jundia\u00ed da Linha 7-Rubi, com atendimento ao p\u00fablico das <strong>10h \u00e0s 16h<\/strong>.<\/p>\n<p>A iniciativa \u00e9 promovida pela concession\u00e1ria TIC Trens em parceria com o SEST SENAT e ser\u00e1 realizada na \u00e1rea externa da esta\u00e7\u00e3o.<\/p>\n<p>Durante o evento, os passageiros poder\u00e3o acessar <strong>orienta\u00e7\u00f5es sobre sa\u00fade preventiva, atividades educativas e distribui\u00e7\u00e3o de materiais informativos<\/strong>. As a\u00e7\u00f5es incluem abordagens interativas e atendimento com equipe especializada.<\/p>\n<p>A programa\u00e7\u00e3o faz parte de uma campanha voltada \u00e0 promo\u00e7\u00e3o de cuidados b\u00e1sicos de sa\u00fade e orienta\u00e7\u00e3o ao p\u00fablico, aproveitando o fluxo de passageiros no transporte ferrovi\u00e1rio.<\/p>\n<p>Apesar da proposta, o material divulgado n\u00e3o especifica <strong>quais servi\u00e7os de sa\u00fade ser\u00e3o oferecidos de forma pr\u00e1tica, nem se haver\u00e1 atendimentos cl\u00ednicos ou apenas orienta\u00e7\u00e3o<\/strong>, o que pode limitar o alcance da a\u00e7\u00e3o para parte do p\u00fablico.<\/p>\n<p><strong>HostingPRESS Ag\u00eancia de Not\u00edcias de S\u00e3o Paulo<\/strong><br \/>Conte\u00fado distribu\u00eddo por nossa Central de Jornalismo<br \/>Reprodu\u00e7\u00e3o autorizada mediante cr\u00e9dito da fonte<\/p>\n<p>Portal criado para conectar os leitores da regi\u00e3o ao melhor conte\u00fado<\/p>\n<p>Somos l\u00edderes de audi\u00eancia local. Somos sociais.\u00a0Conecte-se conosco.<\/p>\n<\/p><\/div>\n<section>  \t<img alt=\"Avatar photo\" src=\"https:\/\/hostingpress.com.br\/wp-content\/uploads\/2026\/03\/cropped-Divilgacao-95x95.jpeg\"  height=\"95\" width=\"95\" decoding=\"async\">\t \t<\/p>\n<div>\n<p>Vinicius Moror\u00f3<\/p>\n<p>Editor-Executivo-Regional | Jornalista | Diretor Editorial    Editor-Executivo-Regional da HostingPress Ag\u00eancia de Not\u00edcias de S\u00e3o Paulo, com atua\u00e7\u00e3o voltada \u00e0 coordena\u00e7\u00e3o editorial regional, articula\u00e7\u00e3o com ve\u00edculos parceiros e fortalecimento da distribui\u00e7\u00e3o de conte\u00fado jornal\u00edstico no Estado de S\u00e3o Paulo.      Editor-chefe do Jornal Impacto Cotia, com foco em jornalismo investigativo, interesse p\u00fablico e an\u00e1lise cr\u00edtica de temas pol\u00edticos, sociais e institucionais.<\/p>\n<\/p><\/div>\n<\/section>\n","protected":false},"excerpt":{"rendered":"<p>Atendimento ao p\u00fablico acontece das 10h \u00e0s 16h com orienta\u00e7\u00f5es e atividades educativas Uma a\u00e7\u00e3o gratuita de sa\u00fade e bem-estar ser\u00e1 realizada nesta quarta-feira (16) na esta\u00e7\u00e3o Jundia\u00ed da Linha 7-Rubi, com atendimento ao p\u00fablico das 10h \u00e0s 16h. A iniciativa \u00e9 promovida pela concession\u00e1ria TIC Trens em parceria com o SEST SENAT e ser\u00e1<\/p>\n","protected":false},"author":808,"featured_media":155403,"comment_status":"closed","ping_status":"closed","sticky":false,"template":"","format":"standard","meta":{"footnotes":""},"categories":[36],"tags":[],"class_list":{"0":"post-155402","1":"post","2":"type-post","3":"status-publish","4":"format-standard","5":"has-post-thumbnail","7":"category-saude"},"_links":{"self":[{"href":"https:\/\/obuxixeiro.com.br\/index.php?rest_route=\/wp\/v2\/posts\/155402","targetHints":{"allow":["GET"]}}],"collection":[{"href":"https:\/\/obuxixeiro.com.br\/index.php?rest_route=\/wp\/v2\/posts"}],"about":[{"href":"https:\/\/obuxixeiro.com.br\/index.php?rest_route=\/wp\/v2\/types\/post"}],"author":[{"embeddable":true,"href":"https:\/\/obuxixeiro.com.br\/index.php?rest_route=\/wp\/v2\/users\/808"}],"replies":[{"embeddable":true,"href":"https:\/\/obuxixeiro.com.br\/index.php?rest_route=%2Fwp%2Fv2%2Fcomments&post=155402"}],"version-history":[{"count":0,"href":"https:\/\/obuxixeiro.com.br\/index.php?rest_route=\/wp\/v2\/posts\/155402\/revisions"}],"wp:featuredmedia":[{"embeddable":true,"href":"https:\/\/obuxixeiro.com.br\/index.php?rest_route=\/wp\/v2\/media\/155403"}],"wp:attachment":[{"href":"https:\/\/obuxixeiro.com.br\/index.php?rest_route=%2Fwp%2Fv2%2Fmedia&parent=155402"}],"wp:term":[{"taxonomy":"category","embeddable":true,"href":"https:\/\/obuxixeiro.com.br\/index.php?rest_route=%2Fwp%2Fv2%2Fcategories&post=155402"},{"taxonomy":"post_tag","embeddable":true,"href":"https:\/\/obuxixeiro.com.br\/index.php?rest_route=%2Fwp%2Fv2%2Ftags&post=155402"}],"curies":[{"name":"wp","href":"https:\/\/api.w.org\/{rel}","templated":true}]}}