{"id":155404,"date":"2026-04-22T17:17:48","date_gmt":"2026-04-22T20:17:48","guid":{"rendered":"https:\/\/obuxixeiro.com.br\/2026\/04\/22\/renda-per-capita-em-sp-dobra-em-11-anos-mas-desigualdade-ainda-persiste\/"},"modified":"2026-04-22T17:17:48","modified_gmt":"2026-04-22T20:17:48","slug":"renda-per-capita-em-sp-dobra-em-11-anos-mas-desigualdade-ainda-persiste","status":"publish","type":"post","link":"https:\/\/obuxixeiro.com.br\/?p=155404","title":{"rendered":"Renda per capita em SP dobra em 11 anos, mas desigualdade ainda persiste"},"content":{"rendered":"\n<div>\n<p><strong>Estado lidera rendimento no pa\u00eds, segundo IBGE, com crescimento puxado por recupera\u00e7\u00e3o econ\u00f4mica e mercado de trabalho<\/strong><\/p>\n<p>A renda domiciliar per capita no S\u00e3o Paulo passou de <strong>R$ 1.432 em 2012 para R$ 2.662 em 2023<\/strong>, praticamente dobrando em <strong>11 anos<\/strong>, segundo dados do IBGE.<\/p>\n<p>O indicador coloca S\u00e3o Paulo entre os estados com maior rendimento m\u00e9dio do pa\u00eds, refletindo mudan\u00e7as no mercado de trabalho e na atividade econ\u00f4mica ao longo da \u00faltima d\u00e9cada.<\/p>\n<p><strong>O que \u00e9 renda per capita<\/strong><\/p>\n<p>A renda domiciliar per capita representa a m\u00e9dia de rendimento por pessoa dentro de um domic\u00edlio, considerando sal\u00e1rios, benef\u00edcios e outras fontes de renda.<\/p>\n<p>O indicador \u00e9 usado para medir o padr\u00e3o de vida da popula\u00e7\u00e3o.<\/p>\n<p><strong>Crescimento ao longo da d\u00e9cada<\/strong><\/p>\n<p>O avan\u00e7o foi impulsionado por diferentes fatores, incluindo recupera\u00e7\u00e3o econ\u00f4mica ap\u00f3s per\u00edodos de crise e aumento da ocupa\u00e7\u00e3o no mercado de trabalho.<\/p>\n<p>Mesmo com oscila\u00e7\u00f5es ao longo dos anos, o resultado mostra tend\u00eancia de crescimento no per\u00edodo analisado.<\/p>\n<p>S\u00e3o Paulo segue entre os estados com maior renda m\u00e9dia do pa\u00eds, concentrando atividade econ\u00f4mica e empregos formais.<\/p>\n<p>Apesar do crescimento, o dado n\u00e3o reflete a distribui\u00e7\u00e3o de renda entre a popula\u00e7\u00e3o.<\/p>\n<p>Ou seja, o aumento m\u00e9dio n\u00e3o significa que todos os grupos sociais tiveram o mesmo ganho.<\/p>\n<p><strong>HostingPRESS Ag\u00eancia de Not\u00edcias de S\u00e3o Paulo<\/strong><br \/>Conte\u00fado distribu\u00eddo por nossa Central de Jornalismo<br \/>Reprodu\u00e7\u00e3o autorizada mediante cr\u00e9dito da fonte<\/p>\n<p>Portal criado para conectar os leitores da regi\u00e3o ao melhor conte\u00fado<\/p>\n<p>Somos l\u00edderes de audi\u00eancia local. Somos sociais.\u00a0Conecte-se conosco.<\/p>\n<\/p><\/div>\n<section>  \t<img alt=\"Avatar photo\" src=\"https:\/\/hostingpress.com.br\/wp-content\/uploads\/2026\/03\/cropped-Divilgacao-95x95.jpeg\"  height=\"95\" width=\"95\" decoding=\"async\">\t \t<\/p>\n<div>\n<p>Vinicius Moror\u00f3<\/p>\n<p>Editor-Executivo-Regional | Jornalista | Diretor Editorial    Editor-Executivo-Regional da HostingPress Ag\u00eancia de Not\u00edcias de S\u00e3o Paulo, com atua\u00e7\u00e3o voltada \u00e0 coordena\u00e7\u00e3o editorial regional, articula\u00e7\u00e3o com ve\u00edculos parceiros e fortalecimento da distribui\u00e7\u00e3o de conte\u00fado jornal\u00edstico no Estado de S\u00e3o Paulo.      Editor-chefe do Jornal Impacto Cotia, com foco em jornalismo investigativo, interesse p\u00fablico e an\u00e1lise cr\u00edtica de temas pol\u00edticos, sociais e institucionais.<\/p>\n<\/p><\/div>\n<\/section>\n","protected":false},"excerpt":{"rendered":"<p>Estado lidera rendimento no pa\u00eds, segundo IBGE, com crescimento puxado por recupera\u00e7\u00e3o econ\u00f4mica e mercado de trabalho A renda domiciliar per capita no S\u00e3o Paulo passou de R$ 1.432 em 2012 para R$ 2.662 em 2023, praticamente dobrando em 11 anos, segundo dados do IBGE. O indicador coloca S\u00e3o Paulo entre os estados com maior<\/p>\n","protected":false},"author":808,"featured_media":155405,"comment_status":"closed","ping_status":"closed","sticky":false,"template":"","format":"standard","meta":{"footnotes":""},"categories":[33],"tags":[],"class_list":{"0":"post-155404","1":"post","2":"type-post","3":"status-publish","4":"format-standard","5":"has-post-thumbnail","7":"category-politica"},"_links":{"self":[{"href":"https:\/\/obuxixeiro.com.br\/index.php?rest_route=\/wp\/v2\/posts\/155404","targetHints":{"allow":["GET"]}}],"collection":[{"href":"https:\/\/obuxixeiro.com.br\/index.php?rest_route=\/wp\/v2\/posts"}],"about":[{"href":"https:\/\/obuxixeiro.com.br\/index.php?rest_route=\/wp\/v2\/types\/post"}],"author":[{"embeddable":true,"href":"https:\/\/obuxixeiro.com.br\/index.php?rest_route=\/wp\/v2\/users\/808"}],"replies":[{"embeddable":true,"href":"https:\/\/obuxixeiro.com.br\/index.php?rest_route=%2Fwp%2Fv2%2Fcomments&post=155404"}],"version-history":[{"count":0,"href":"https:\/\/obuxixeiro.com.br\/index.php?rest_route=\/wp\/v2\/posts\/155404\/revisions"}],"wp:featuredmedia":[{"embeddable":true,"href":"https:\/\/obuxixeiro.com.br\/index.php?rest_route=\/wp\/v2\/media\/155405"}],"wp:attachment":[{"href":"https:\/\/obuxixeiro.com.br\/index.php?rest_route=%2Fwp%2Fv2%2Fmedia&parent=155404"}],"wp:term":[{"taxonomy":"category","embeddable":true,"href":"https:\/\/obuxixeiro.com.br\/index.php?rest_route=%2Fwp%2Fv2%2Fcategories&post=155404"},{"taxonomy":"post_tag","embeddable":true,"href":"https:\/\/obuxixeiro.com.br\/index.php?rest_route=%2Fwp%2Fv2%2Ftags&post=155404"}],"curies":[{"name":"wp","href":"https:\/\/api.w.org\/{rel}","templated":true}]}}