{"id":155406,"date":"2026-04-22T17:17:54","date_gmt":"2026-04-22T20:17:54","guid":{"rendered":"https:\/\/obuxixeiro.com.br\/2026\/04\/22\/matriculas-para-o-provao-paulista-estao-abertas-na-primeira-chamada\/"},"modified":"2026-04-22T17:17:54","modified_gmt":"2026-04-22T20:17:54","slug":"matriculas-para-o-provao-paulista-estao-abertas-na-primeira-chamada","status":"publish","type":"post","link":"https:\/\/obuxixeiro.com.br\/?p=155406","title":{"rendered":"Matr\u00edculas para o Prov\u00e3o Paulista est\u00e3o abertas na primeira chamada"},"content":{"rendered":"\n<div>\n<p><strong>Convocados devem se inscrever dentro do prazo para garantir vaga em institui\u00e7\u00f5es p\u00fablicas de ensino superior<\/strong><\/p>\n<p>Est\u00e3o abertas as matr\u00edculas para a primeira chamada do Prov\u00e3o Paulista, programa do Governo de S\u00e3o Paulo que oferece acesso ao ensino superior em institui\u00e7\u00f5es p\u00fablicas. Os estudantes convocados devem realizar o procedimento dentro do prazo estabelecido para garantir a vaga.<\/p>\n<p>O processo \u00e9 voltado a alunos da rede p\u00fablica estadual que participaram do exame e foram selecionados com base no desempenho. A iniciativa permite o ingresso direto em cursos superiores, sem necessidade de vestibular tradicional.<\/p>\n<p>Os candidatos convocados devem acessar o sistema oficial para efetivar a matr\u00edcula e enviar a documenta\u00e7\u00e3o exigida. <strong>Para realizar a inscri\u00e7\u00e3o, clique aqui.<\/strong><\/p>\n<p>O programa integra a pol\u00edtica estadual de amplia\u00e7\u00e3o do acesso ao ensino superior, conectando o desempenho escolar ao ingresso em universidades e faculdades p\u00fablicas.<\/p>\n<p>Apesar da abertura das matr\u00edculas, o material divulgado n\u00e3o detalha <strong>quantidade total de vagas dispon\u00edveis, cursos oferecidos nesta etapa ou taxa de ocupa\u00e7\u00e3o nas edi\u00e7\u00f5es anteriores<\/strong>, informa\u00e7\u00f5es relevantes para avaliar o alcance do programa.<\/p>\n<p><strong>HostingPRESS Ag\u00eancia de Not\u00edcias de S\u00e3o Paulo<\/strong><br \/>Conte\u00fado distribu\u00eddo por nossa Central de Jornalismo<br \/>Reprodu\u00e7\u00e3o autorizada mediante cr\u00e9dito da fonte<\/p>\n<p>Portal criado para conectar os leitores da regi\u00e3o ao melhor conte\u00fado<\/p>\n<p>Somos l\u00edderes de audi\u00eancia local. Somos sociais.\u00a0Conecte-se conosco.<\/p>\n<\/p><\/div>\n<section>  \t<img alt=\"Avatar photo\" src=\"https:\/\/hostingpress.com.br\/wp-content\/uploads\/2026\/03\/cropped-Divilgacao-95x95.jpeg\"  height=\"95\" width=\"95\" decoding=\"async\">\t \t<\/p>\n<div>\n<p>Vinicius Moror\u00f3<\/p>\n<p>Editor-Executivo-Regional | Jornalista | Diretor Editorial    Editor-Executivo-Regional da HostingPress Ag\u00eancia de Not\u00edcias de S\u00e3o Paulo, com atua\u00e7\u00e3o voltada \u00e0 coordena\u00e7\u00e3o editorial regional, articula\u00e7\u00e3o com ve\u00edculos parceiros e fortalecimento da distribui\u00e7\u00e3o de conte\u00fado jornal\u00edstico no Estado de S\u00e3o Paulo.      Editor-chefe do Jornal Impacto Cotia, com foco em jornalismo investigativo, interesse p\u00fablico e an\u00e1lise cr\u00edtica de temas pol\u00edticos, sociais e institucionais.<\/p>\n<\/p><\/div>\n<\/section>\n","protected":false},"excerpt":{"rendered":"<p>Convocados devem se inscrever dentro do prazo para garantir vaga em institui\u00e7\u00f5es p\u00fablicas de ensino superior Est\u00e3o abertas as matr\u00edculas para a primeira chamada do Prov\u00e3o Paulista, programa do Governo de S\u00e3o Paulo que oferece acesso ao ensino superior em institui\u00e7\u00f5es p\u00fablicas. Os estudantes convocados devem realizar o procedimento dentro do prazo estabelecido para garantir<\/p>\n","protected":false},"author":808,"featured_media":155407,"comment_status":"closed","ping_status":"closed","sticky":false,"template":"","format":"standard","meta":{"footnotes":""},"categories":[37],"tags":[],"class_list":{"0":"post-155406","1":"post","2":"type-post","3":"status-publish","4":"format-standard","5":"has-post-thumbnail","7":"category-educacao"},"_links":{"self":[{"href":"https:\/\/obuxixeiro.com.br\/index.php?rest_route=\/wp\/v2\/posts\/155406","targetHints":{"allow":["GET"]}}],"collection":[{"href":"https:\/\/obuxixeiro.com.br\/index.php?rest_route=\/wp\/v2\/posts"}],"about":[{"href":"https:\/\/obuxixeiro.com.br\/index.php?rest_route=\/wp\/v2\/types\/post"}],"author":[{"embeddable":true,"href":"https:\/\/obuxixeiro.com.br\/index.php?rest_route=\/wp\/v2\/users\/808"}],"replies":[{"embeddable":true,"href":"https:\/\/obuxixeiro.com.br\/index.php?rest_route=%2Fwp%2Fv2%2Fcomments&post=155406"}],"version-history":[{"count":0,"href":"https:\/\/obuxixeiro.com.br\/index.php?rest_route=\/wp\/v2\/posts\/155406\/revisions"}],"wp:featuredmedia":[{"embeddable":true,"href":"https:\/\/obuxixeiro.com.br\/index.php?rest_route=\/wp\/v2\/media\/155407"}],"wp:attachment":[{"href":"https:\/\/obuxixeiro.com.br\/index.php?rest_route=%2Fwp%2Fv2%2Fmedia&parent=155406"}],"wp:term":[{"taxonomy":"category","embeddable":true,"href":"https:\/\/obuxixeiro.com.br\/index.php?rest_route=%2Fwp%2Fv2%2Fcategories&post=155406"},{"taxonomy":"post_tag","embeddable":true,"href":"https:\/\/obuxixeiro.com.br\/index.php?rest_route=%2Fwp%2Fv2%2Ftags&post=155406"}],"curies":[{"name":"wp","href":"https:\/\/api.w.org\/{rel}","templated":true}]}}