{"id":155410,"date":"2026-04-22T17:17:51","date_gmt":"2026-04-22T20:17:51","guid":{"rendered":"https:\/\/obuxixeiro.com.br\/2026\/04\/22\/mpf-discute-implantacao-de-posto-de-saude-em-aldeia-indigena-de-guarulhos\/"},"modified":"2026-04-22T17:17:51","modified_gmt":"2026-04-22T20:17:51","slug":"mpf-discute-implantacao-de-posto-de-saude-em-aldeia-indigena-de-guarulhos","status":"publish","type":"post","link":"https:\/\/obuxixeiro.com.br\/?p=155410","title":{"rendered":"MPF discute implanta\u00e7\u00e3o de posto de sa\u00fade em aldeia ind\u00edgena de Guarulhos"},"content":{"rendered":"\n<div>\n<p><strong>Projeto depende de libera\u00e7\u00e3o de \u00e1rea e uso de recursos p\u00fablicos j\u00e1 previstos em emendas parlamentares<\/strong><\/p>\n<p>O Minist\u00e9rio P\u00fablico Federal participou de uma reuni\u00e3o com representantes da aldeia Filhos desta Terra e \u00f3rg\u00e3os p\u00fablicos para discutir a implanta\u00e7\u00e3o de um posto de sa\u00fade na comunidade ind\u00edgena, localizada em Guarulhos. O encontro ocorreu na segunda-feira (13) e tratou das etapas necess\u00e1rias para viabilizar o projeto.<\/p>\n<p>A constru\u00e7\u00e3o da unidade deve ser financiada com recursos de emendas parlamentares, que somam cerca de <strong>R$ 1,8 milh\u00e3o<\/strong>, sendo <strong>R$ 800 mil j\u00e1 formalizados<\/strong> e outros <strong>R$ 1 milh\u00e3o previstos no or\u00e7amento federal deste ano<\/strong>. O projeto busca atender fam\u00edlias ind\u00edgenas de diferentes etnias que vivem na aldeia.<\/p>\n<p>Durante a reuni\u00e3o, foram discutidas as medidas iniciais para execu\u00e7\u00e3o da obra, com destaque para a necessidade de regulariza\u00e7\u00e3o da \u00e1rea onde a unidade ser\u00e1 constru\u00edda. O terreno pertence ao Departamento de Estradas de Rodagem (DER) de S\u00e3o Paulo, e a viabiliza\u00e7\u00e3o do projeto depende da <strong>cess\u00e3o ou transfer\u00eancia do espa\u00e7o para o munic\u00edpio<\/strong>, condi\u00e7\u00e3o necess\u00e1ria para o uso dos recursos p\u00fablicos e in\u00edcio do processo licitat\u00f3rio.<\/p>\n<p>O caso est\u00e1 sendo acompanhado por meio de inqu\u00e9rito civil conduzido pelo MPF, que monitora o andamento das tratativas entre os \u00f3rg\u00e3os envolvidos, incluindo a prefeitura, o governo estadual e a Funda\u00e7\u00e3o Nacional dos Povos Ind\u00edgenas (Funai).<\/p>\n<p>Apesar da defini\u00e7\u00e3o dos pr\u00f3ximos passos, o projeto ainda depende de etapas administrativas e n\u00e3o h\u00e1, at\u00e9 o momento, <strong>prazo definido para in\u00edcio das obras ou conclus\u00e3o da unidade de sa\u00fade<\/strong>.<\/p>\n<p><strong>HostingPRESS Ag\u00eancia de Not\u00edcias de S\u00e3o Paulo<\/strong><br \/>Conte\u00fado distribu\u00eddo por nossa Central de Jornalismo<br \/>Reprodu\u00e7\u00e3o autorizada mediante cr\u00e9dito da fonte<\/p>\n<p>Portal criado para conectar os leitores da regi\u00e3o ao melhor conte\u00fado<\/p>\n<p>Somos l\u00edderes de audi\u00eancia local. Somos sociais.\u00a0Conecte-se conosco.<\/p>\n<\/p><\/div>\n<section>  \t<img alt=\"Avatar photo\" src=\"https:\/\/hostingpress.com.br\/wp-content\/uploads\/2026\/03\/cropped-Divilgacao-95x95.jpeg\"  height=\"95\" width=\"95\" decoding=\"async\">\t \t<\/p>\n<div>\n<p>Vinicius Moror\u00f3<\/p>\n<p>Editor-Executivo-Regional | Jornalista | Diretor Editorial    Editor-Executivo-Regional da HostingPress Ag\u00eancia de Not\u00edcias de S\u00e3o Paulo, com atua\u00e7\u00e3o voltada \u00e0 coordena\u00e7\u00e3o editorial regional, articula\u00e7\u00e3o com ve\u00edculos parceiros e fortalecimento da distribui\u00e7\u00e3o de conte\u00fado jornal\u00edstico no Estado de S\u00e3o Paulo.      Editor-chefe do Jornal Impacto Cotia, com foco em jornalismo investigativo, interesse p\u00fablico e an\u00e1lise cr\u00edtica de temas pol\u00edticos, sociais e institucionais.<\/p>\n<\/p><\/div>\n<\/section>\n","protected":false},"excerpt":{"rendered":"<p>Projeto depende de libera\u00e7\u00e3o de \u00e1rea e uso de recursos p\u00fablicos j\u00e1 previstos em emendas parlamentares O Minist\u00e9rio P\u00fablico Federal participou de uma reuni\u00e3o com representantes da aldeia Filhos desta Terra e \u00f3rg\u00e3os p\u00fablicos para discutir a implanta\u00e7\u00e3o de um posto de sa\u00fade na comunidade ind\u00edgena, localizada em Guarulhos. O encontro ocorreu na segunda-feira (13)<\/p>\n","protected":false},"author":808,"featured_media":155411,"comment_status":"closed","ping_status":"closed","sticky":false,"template":"","format":"standard","meta":{"footnotes":""},"categories":[36],"tags":[],"class_list":{"0":"post-155410","1":"post","2":"type-post","3":"status-publish","4":"format-standard","5":"has-post-thumbnail","7":"category-saude"},"_links":{"self":[{"href":"https:\/\/obuxixeiro.com.br\/index.php?rest_route=\/wp\/v2\/posts\/155410","targetHints":{"allow":["GET"]}}],"collection":[{"href":"https:\/\/obuxixeiro.com.br\/index.php?rest_route=\/wp\/v2\/posts"}],"about":[{"href":"https:\/\/obuxixeiro.com.br\/index.php?rest_route=\/wp\/v2\/types\/post"}],"author":[{"embeddable":true,"href":"https:\/\/obuxixeiro.com.br\/index.php?rest_route=\/wp\/v2\/users\/808"}],"replies":[{"embeddable":true,"href":"https:\/\/obuxixeiro.com.br\/index.php?rest_route=%2Fwp%2Fv2%2Fcomments&post=155410"}],"version-history":[{"count":0,"href":"https:\/\/obuxixeiro.com.br\/index.php?rest_route=\/wp\/v2\/posts\/155410\/revisions"}],"wp:featuredmedia":[{"embeddable":true,"href":"https:\/\/obuxixeiro.com.br\/index.php?rest_route=\/wp\/v2\/media\/155411"}],"wp:attachment":[{"href":"https:\/\/obuxixeiro.com.br\/index.php?rest_route=%2Fwp%2Fv2%2Fmedia&parent=155410"}],"wp:term":[{"taxonomy":"category","embeddable":true,"href":"https:\/\/obuxixeiro.com.br\/index.php?rest_route=%2Fwp%2Fv2%2Fcategories&post=155410"},{"taxonomy":"post_tag","embeddable":true,"href":"https:\/\/obuxixeiro.com.br\/index.php?rest_route=%2Fwp%2Fv2%2Ftags&post=155410"}],"curies":[{"name":"wp","href":"https:\/\/api.w.org\/{rel}","templated":true}]}}