{"id":155413,"date":"2026-04-22T17:17:53","date_gmt":"2026-04-22T20:17:53","guid":{"rendered":"https:\/\/obuxixeiro.com.br\/2026\/04\/22\/acesso-ao-pre-natal-completo-e-menor-entre-indigenas-e-mulheres-com-baixa-escolaridade-no-brasil\/"},"modified":"2026-04-22T17:17:53","modified_gmt":"2026-04-22T20:17:53","slug":"acesso-ao-pre-natal-completo-e-menor-entre-indigenas-e-mulheres-com-baixa-escolaridade-no-brasil","status":"publish","type":"post","link":"https:\/\/obuxixeiro.com.br\/?p=155413","title":{"rendered":"Acesso ao pr\u00e9-natal completo \u00e9 menor entre ind\u00edgenas e mulheres com baixa escolaridade no Brasil"},"content":{"rendered":"\n<div>\n<p><strong>Estudo aponta queda no acompanhamento ao longo da gesta\u00e7\u00e3o e desigualdade regional no atendimento<\/strong><\/p>\n<p>Quase todas as gestantes no Brasil iniciam o pr\u00e9-natal, mas nem todas conseguem concluir o acompanhamento recomendado ao longo da gravidez. Um estudo divulgado nesta segunda-feira (13) mostra que <strong>a cobertura cai de 99,4% na primeira consulta para 78,1% at\u00e9 a s\u00e9tima<\/strong>, com maiores dificuldades entre <strong>mulheres ind\u00edgenas, com menor escolaridade e residentes na Regi\u00e3o Norte<\/strong> .<\/p>\n<p>A pesquisa foi elaborada por pesquisadores do Centro Internacional de Equidade em Sa\u00fade da Universidade Federal de Pelotas (UFPel), com base em mais de <strong>2,5 milh\u00f5es de nascimentos registrados em 2023<\/strong> no Sistema de Informa\u00e7\u00f5es sobre Nascidos Vivos (Sinasc).<\/p>\n<p>Entre os recortes analisados, o estudo aponta que apenas <strong>44,2% das mulheres com menor escolaridade completam o n\u00famero recomendado de consultas<\/strong>, enquanto o \u00edndice chega a <strong>86,5% entre as mais escolarizadas<\/strong> . A desigualdade tamb\u00e9m aparece de forma mais acentuada entre grupos ind\u00edgenas: apenas <strong>19% das gestantes ind\u00edgenas com baixa escolaridade conseguem cumprir o acompanhamento completo<\/strong>, contra <strong>88,7% de mulheres brancas com maior n\u00edvel educacional<\/strong>.<\/p>\n<p>No recorte racial, <strong>51,5% das mulheres ind\u00edgenas finalizam o pr\u00e9-natal<\/strong>, \u00edndice inferior ao registrado entre mulheres brancas (84,3%), pretas (75,7%) e pardas (75,3%) . O levantamento indica ainda que o abandono do acompanhamento \u00e9 significativamente maior entre ind\u00edgenas.<\/p>\n<p>As diferen\u00e7as regionais tamb\u00e9m s\u00e3o destacadas. A Regi\u00e3o Norte apresenta os piores indicadores, com <strong>63,3% das gestantes completando o pr\u00e9-natal<\/strong>, enquanto o Sul registra o melhor desempenho, com <strong>85%<\/strong>. Sudeste e Centro-Oeste aparecem com \u00edndices intermedi\u00e1rios.<\/p>\n<p>O estudo tamb\u00e9m aponta menor cobertura entre gestantes adolescentes. Apenas <strong>67,7% das mulheres com menos de 20 anos completam o pr\u00e9-natal<\/strong>, percentual inferior ao observado entre mulheres com mais de 35 anos.<\/p>\n<p>O pr\u00e9-natal \u00e9 considerado essencial para monitorar a sa\u00fade da gestante e do beb\u00ea, permitindo a identifica\u00e7\u00e3o precoce de doen\u00e7as e a ado\u00e7\u00e3o de medidas para reduzir riscos durante a gravidez e o parto.<\/p>\n<p><strong>HostingPRESS Ag\u00eancia de Not\u00edcias de S\u00e3o Paulo<\/strong><br \/>Conte\u00fado distribu\u00eddo por nossa Central de Jornalismo<br \/>Reprodu\u00e7\u00e3o autorizada mediante cr\u00e9dito da fonte<\/p>\n<p>Portal criado para conectar os leitores da regi\u00e3o ao melhor conte\u00fado<\/p>\n<p>Somos l\u00edderes de audi\u00eancia local. Somos sociais.\u00a0Conecte-se conosco.<\/p>\n<\/p><\/div>\n<section>  \t<img alt=\"Avatar photo\" src=\"https:\/\/hostingpress.com.br\/wp-content\/uploads\/2026\/03\/cropped-Divilgacao-95x95.jpeg\"  height=\"95\" width=\"95\" decoding=\"async\">\t \t<\/p>\n<div>\n<p>Vinicius Moror\u00f3<\/p>\n<p>Editor-Executivo-Regional | Jornalista | Diretor Editorial    Editor-Executivo-Regional da HostingPress Ag\u00eancia de Not\u00edcias de S\u00e3o Paulo, com atua\u00e7\u00e3o voltada \u00e0 coordena\u00e7\u00e3o editorial regional, articula\u00e7\u00e3o com ve\u00edculos parceiros e fortalecimento da distribui\u00e7\u00e3o de conte\u00fado jornal\u00edstico no Estado de S\u00e3o Paulo.      Editor-chefe do Jornal Impacto Cotia, com foco em jornalismo investigativo, interesse p\u00fablico e an\u00e1lise cr\u00edtica de temas pol\u00edticos, sociais e institucionais.<\/p>\n<\/p><\/div>\n<\/section>\n","protected":false},"excerpt":{"rendered":"<p>Estudo aponta queda no acompanhamento ao longo da gesta\u00e7\u00e3o e desigualdade regional no atendimento Quase todas as gestantes no Brasil iniciam o pr\u00e9-natal, mas nem todas conseguem concluir o acompanhamento recomendado ao longo da gravidez. Um estudo divulgado nesta segunda-feira (13) mostra que a cobertura cai de 99,4% na primeira consulta para 78,1% at\u00e9 a<\/p>\n","protected":false},"author":808,"featured_media":155415,"comment_status":"closed","ping_status":"closed","sticky":false,"template":"","format":"standard","meta":{"footnotes":""},"categories":[37],"tags":[],"class_list":{"0":"post-155413","1":"post","2":"type-post","3":"status-publish","4":"format-standard","5":"has-post-thumbnail","7":"category-educacao"},"_links":{"self":[{"href":"https:\/\/obuxixeiro.com.br\/index.php?rest_route=\/wp\/v2\/posts\/155413","targetHints":{"allow":["GET"]}}],"collection":[{"href":"https:\/\/obuxixeiro.com.br\/index.php?rest_route=\/wp\/v2\/posts"}],"about":[{"href":"https:\/\/obuxixeiro.com.br\/index.php?rest_route=\/wp\/v2\/types\/post"}],"author":[{"embeddable":true,"href":"https:\/\/obuxixeiro.com.br\/index.php?rest_route=\/wp\/v2\/users\/808"}],"replies":[{"embeddable":true,"href":"https:\/\/obuxixeiro.com.br\/index.php?rest_route=%2Fwp%2Fv2%2Fcomments&post=155413"}],"version-history":[{"count":0,"href":"https:\/\/obuxixeiro.com.br\/index.php?rest_route=\/wp\/v2\/posts\/155413\/revisions"}],"wp:featuredmedia":[{"embeddable":true,"href":"https:\/\/obuxixeiro.com.br\/index.php?rest_route=\/wp\/v2\/media\/155415"}],"wp:attachment":[{"href":"https:\/\/obuxixeiro.com.br\/index.php?rest_route=%2Fwp%2Fv2%2Fmedia&parent=155413"}],"wp:term":[{"taxonomy":"category","embeddable":true,"href":"https:\/\/obuxixeiro.com.br\/index.php?rest_route=%2Fwp%2Fv2%2Fcategories&post=155413"},{"taxonomy":"post_tag","embeddable":true,"href":"https:\/\/obuxixeiro.com.br\/index.php?rest_route=%2Fwp%2Fv2%2Ftags&post=155413"}],"curies":[{"name":"wp","href":"https:\/\/api.w.org\/{rel}","templated":true}]}}