{"id":155414,"date":"2026-04-22T17:18:03","date_gmt":"2026-04-22T20:18:03","guid":{"rendered":"https:\/\/obuxixeiro.com.br\/2026\/04\/22\/campo-de-marte-pode-receber-primeiro-vertiporto-para-aeronaves-eletricas-em-sp\/"},"modified":"2026-04-22T17:18:03","modified_gmt":"2026-04-22T20:18:03","slug":"campo-de-marte-pode-receber-primeiro-vertiporto-para-aeronaves-eletricas-em-sp","status":"publish","type":"post","link":"https:\/\/obuxixeiro.com.br\/?p=155414","title":{"rendered":"Campo de Marte pode receber primeiro vertiporto para aeronaves el\u00e9tricas em SP"},"content":{"rendered":"\n<div>\n<p><strong>Projeto prev\u00ea estrutura para mobilidade a\u00e9rea urbana, mas ainda depende de defini\u00e7\u00f5es t\u00e9cnicas<\/strong><\/p>\n<p>O Campo de Marte pode receber o primeiro vertiporto da capital paulista, estrutura planejada para opera\u00e7\u00e3o de aeronaves el\u00e9tricas de decolagem vertical, conhecidas como eVTOLs.<\/p>\n<p>A proposta prev\u00ea a adapta\u00e7\u00e3o do espa\u00e7o para permitir pousos e decolagens desse tipo de ve\u00edculo, dentro de um modelo de mobilidade a\u00e9rea urbana ainda em desenvolvimento no pa\u00eds.<\/p>\n<p>Os chamados \u201ccarros voadores\u201d s\u00e3o aeronaves leves projetadas para deslocamentos curtos em \u00e1reas urbanas, mas ainda n\u00e3o operam comercialmente de forma ampla no Brasil.<\/p>\n<p>Apesar do an\u00fancio, o projeto n\u00e3o detalha <strong>prazo para in\u00edcio das opera\u00e7\u00f5es, investimento total nem regulamenta\u00e7\u00e3o espec\u00edfica j\u00e1 aprovada<\/strong>, pontos considerados essenciais para viabilizar esse tipo de infraestrutura.<\/p>\n<p>A implanta\u00e7\u00e3o de vertiportos depende de autoriza\u00e7\u00e3o de \u00f3rg\u00e3os reguladores e de integra\u00e7\u00e3o com o sistema de transporte urbano, al\u00e9m de estudos sobre impacto operacional e seguran\u00e7a.<\/p>\n<p><strong>HostingPRESS Ag\u00eancia de Not\u00edcias de S\u00e3o Paulo<\/strong><br \/>Conte\u00fado distribu\u00eddo por nossa Central de Jornalismo<br \/>Reprodu\u00e7\u00e3o autorizada mediante cr\u00e9dito da fonte<\/p>\n<p>Portal criado para conectar os leitores da regi\u00e3o ao melhor conte\u00fado<\/p>\n<p>Somos l\u00edderes de audi\u00eancia local. Somos sociais.\u00a0Conecte-se conosco.<\/p>\n<\/p><\/div>\n<section>  \t<img alt=\"Avatar photo\" src=\"https:\/\/hostingpress.com.br\/wp-content\/uploads\/2026\/03\/cropped-Divilgacao-95x95.jpeg\"  height=\"95\" width=\"95\" decoding=\"async\">\t \t<\/p>\n<div>\n<p>Vinicius Moror\u00f3<\/p>\n<p>Editor-Executivo-Regional | Jornalista | Diretor Editorial    Editor-Executivo-Regional da HostingPress Ag\u00eancia de Not\u00edcias de S\u00e3o Paulo, com atua\u00e7\u00e3o voltada \u00e0 coordena\u00e7\u00e3o editorial regional, articula\u00e7\u00e3o com ve\u00edculos parceiros e fortalecimento da distribui\u00e7\u00e3o de conte\u00fado jornal\u00edstico no Estado de S\u00e3o Paulo.      Editor-chefe do Jornal Impacto Cotia, com foco em jornalismo investigativo, interesse p\u00fablico e an\u00e1lise cr\u00edtica de temas pol\u00edticos, sociais e institucionais.<\/p>\n<\/p><\/div>\n<\/section>\n","protected":false},"excerpt":{"rendered":"<p>Projeto prev\u00ea estrutura para mobilidade a\u00e9rea urbana, mas ainda depende de defini\u00e7\u00f5es t\u00e9cnicas O Campo de Marte pode receber o primeiro vertiporto da capital paulista, estrutura planejada para opera\u00e7\u00e3o de aeronaves el\u00e9tricas de decolagem vertical, conhecidas como eVTOLs. A proposta prev\u00ea a adapta\u00e7\u00e3o do espa\u00e7o para permitir pousos e decolagens desse tipo de ve\u00edculo, dentro<\/p>\n","protected":false},"author":808,"featured_media":155416,"comment_status":"closed","ping_status":"closed","sticky":false,"template":"","format":"standard","meta":{"footnotes":""},"categories":[41],"tags":[],"class_list":{"0":"post-155414","1":"post","2":"type-post","3":"status-publish","4":"format-standard","5":"has-post-thumbnail","7":"category-tecnologia"},"_links":{"self":[{"href":"https:\/\/obuxixeiro.com.br\/index.php?rest_route=\/wp\/v2\/posts\/155414","targetHints":{"allow":["GET"]}}],"collection":[{"href":"https:\/\/obuxixeiro.com.br\/index.php?rest_route=\/wp\/v2\/posts"}],"about":[{"href":"https:\/\/obuxixeiro.com.br\/index.php?rest_route=\/wp\/v2\/types\/post"}],"author":[{"embeddable":true,"href":"https:\/\/obuxixeiro.com.br\/index.php?rest_route=\/wp\/v2\/users\/808"}],"replies":[{"embeddable":true,"href":"https:\/\/obuxixeiro.com.br\/index.php?rest_route=%2Fwp%2Fv2%2Fcomments&post=155414"}],"version-history":[{"count":0,"href":"https:\/\/obuxixeiro.com.br\/index.php?rest_route=\/wp\/v2\/posts\/155414\/revisions"}],"wp:featuredmedia":[{"embeddable":true,"href":"https:\/\/obuxixeiro.com.br\/index.php?rest_route=\/wp\/v2\/media\/155416"}],"wp:attachment":[{"href":"https:\/\/obuxixeiro.com.br\/index.php?rest_route=%2Fwp%2Fv2%2Fmedia&parent=155414"}],"wp:term":[{"taxonomy":"category","embeddable":true,"href":"https:\/\/obuxixeiro.com.br\/index.php?rest_route=%2Fwp%2Fv2%2Fcategories&post=155414"},{"taxonomy":"post_tag","embeddable":true,"href":"https:\/\/obuxixeiro.com.br\/index.php?rest_route=%2Fwp%2Fv2%2Ftags&post=155414"}],"curies":[{"name":"wp","href":"https:\/\/api.w.org\/{rel}","templated":true}]}}