{"id":155438,"date":"2026-04-07T23:50:00","date_gmt":"2026-04-08T02:50:00","guid":{"rendered":"https:\/\/obuxixeiro.com.br\/2026\/04\/07\/governo-de-sp-apresenta-modelo-integrado-para-combater-violencia-contra-a-mulher\/"},"modified":"2026-04-07T23:50:00","modified_gmt":"2026-04-08T02:50:00","slug":"governo-de-sp-apresenta-modelo-integrado-para-combater-violencia-contra-a-mulher","status":"publish","type":"post","link":"https:\/\/obuxixeiro.com.br\/?p=155438","title":{"rendered":"Governo de SP apresenta modelo integrado para combater viol\u00eancia contra a mulher"},"content":{"rendered":"\n<div>\n<p><strong>Estado detalha a\u00e7\u00f5es a prefeitos e destaca rede com delegacias, casas de acolhimento e atendimento especializado<\/strong><\/p>\n<p>O Governo de S\u00e3o Paulo apresentou, durante o 68\u00ba Congresso Estadual de Munic\u00edpios, um modelo integrado para <strong>enfrentar a viol\u00eancia contra a mulher e ampliar a rede de prote\u00e7\u00e3o<\/strong> em todo o estado.<\/p>\n<p>A proposta foi apresentada pela Secretaria de Pol\u00edticas para a Mulher a prefeitos e gestores municipais, com foco na atua\u00e7\u00e3o conjunta entre Estado, munic\u00edpios e sistema de Justi\u00e7a.<\/p>\n<p>O modelo prev\u00ea integra\u00e7\u00e3o entre servi\u00e7os de seguran\u00e7a, sa\u00fade e assist\u00eancia social, com objetivo de garantir <strong>acolhimento, prote\u00e7\u00e3o e resposta mais r\u00e1pida \u00e0s v\u00edtimas<\/strong>.<\/p>\n<p>Entre as a\u00e7\u00f5es destacadas est\u00e1 o programa <strong>SP Por Todas<\/strong>, que re\u00fane pol\u00edticas p\u00fablicas voltadas \u00e0 prote\u00e7\u00e3o, autonomia e inclus\u00e3o de mulheres.<\/p>\n<p>Segundo o governo estadual, algumas iniciativas j\u00e1 em funcionamento incluem o <strong>\u00d4nibus SP Por Todas<\/strong>, que percorreu mais de 70 munic\u00edpios e realizou cerca de 9 mil atendimentos, al\u00e9m da <strong>Casa da Mulher Paulista<\/strong>, com 20 unidades em opera\u00e7\u00e3o e outras em implanta\u00e7\u00e3o.<\/p>\n<p>Outro destaque \u00e9 o <strong>Aux\u00edlio Aluguel<\/strong>, que j\u00e1 atende milhares de mulheres em situa\u00e7\u00e3o de vulnerabilidade em centenas de munic\u00edpios.<\/p>\n<p>Na \u00e1rea de seguran\u00e7a, o Estado apresentou ferramentas como o <strong>Protocolo N\u00e3o Se Cale<\/strong>, com mais de 100 mil profissionais capacitados para identificar e agir em casos de viol\u00eancia, al\u00e9m da estrutura com <strong>144 delegacias especializadas<\/strong> e unidades com atendimento 24 horas.<\/p>\n<p>O aplicativo <strong>SP Mulher Segura<\/strong> tamb\u00e9m foi citado como ferramenta de apoio, com milhares de usu\u00e1rias e acionamentos registrados.<\/p>\n<p>O modelo inclui ainda experi\u00eancias de atendimento integrado, como projetos em que a ocorr\u00eancia policial pode ser registrada no local, com solicita\u00e7\u00e3o imediata de medidas protetivas, reduzindo a necessidade de deslocamento da v\u00edtima.<\/p>\n<p>A proposta refor\u00e7a que o enfrentamento \u00e0 viol\u00eancia exige atua\u00e7\u00e3o cont\u00ednua e articulada, incluindo <strong>apoio ap\u00f3s a den\u00fancia<\/strong>, com foco na reconstru\u00e7\u00e3o da autonomia e seguran\u00e7a das mulheres.<\/p>\n<p><strong>HostingPRESS Ag\u00eancia de Not\u00edcias de S\u00e3o Paulo<\/strong><br \/>Conte\u00fado distribu\u00eddo por nossa Central de Jornalismo<br \/>Reprodu\u00e7\u00e3o autorizada mediante cr\u00e9dito da fonte<\/p>\n<p>Portal criado para conectar os leitores da regi\u00e3o ao melhor conte\u00fado<\/p>\n<p>Somos l\u00edderes de audi\u00eancia local. Somos sociais.\u00a0Conecte-se conosco.<\/p>\n<\/p><\/div>\n<section>  \t<img alt=\"Avatar photo\" src=\"https:\/\/hostingpress.com.br\/wp-content\/uploads\/2026\/03\/cropped-Divilgacao-95x95.jpeg\"  height=\"95\" width=\"95\" decoding=\"async\">\t \t<\/p>\n<div>\n<p>Vinicius Moror\u00f3<\/p>\n<p>Editor-Executivo-Regional | Jornalista | Diretor Editorial    Editor-Executivo-Regional da HostingPress Ag\u00eancia de Not\u00edcias de S\u00e3o Paulo, com atua\u00e7\u00e3o voltada \u00e0 coordena\u00e7\u00e3o editorial regional, articula\u00e7\u00e3o com ve\u00edculos parceiros e fortalecimento da distribui\u00e7\u00e3o de conte\u00fado jornal\u00edstico no Estado de S\u00e3o Paulo.      Editor-chefe do Jornal Impacto Cotia, com foco em jornalismo investigativo, interesse p\u00fablico e an\u00e1lise cr\u00edtica de temas pol\u00edticos, sociais e institucionais.<\/p>\n<\/p><\/div>\n<\/section>\n","protected":false},"excerpt":{"rendered":"<p>Estado detalha a\u00e7\u00f5es a prefeitos e destaca rede com delegacias, casas de acolhimento e atendimento especializado O Governo de S\u00e3o Paulo apresentou, durante o 68\u00ba Congresso Estadual de Munic\u00edpios, um modelo integrado para enfrentar a viol\u00eancia contra a mulher e ampliar a rede de prote\u00e7\u00e3o em todo o estado. A proposta foi apresentada pela Secretaria<\/p>\n","protected":false},"author":808,"featured_media":155439,"comment_status":"closed","ping_status":"closed","sticky":false,"template":"","format":"standard","meta":{"footnotes":""},"categories":[59,1],"tags":[],"class_list":{"0":"post-155438","1":"post","2":"type-post","3":"status-publish","4":"format-standard","5":"has-post-thumbnail","7":"category-bairros","8":"category-todas-noticias"},"_links":{"self":[{"href":"https:\/\/obuxixeiro.com.br\/index.php?rest_route=\/wp\/v2\/posts\/155438","targetHints":{"allow":["GET"]}}],"collection":[{"href":"https:\/\/obuxixeiro.com.br\/index.php?rest_route=\/wp\/v2\/posts"}],"about":[{"href":"https:\/\/obuxixeiro.com.br\/index.php?rest_route=\/wp\/v2\/types\/post"}],"author":[{"embeddable":true,"href":"https:\/\/obuxixeiro.com.br\/index.php?rest_route=\/wp\/v2\/users\/808"}],"replies":[{"embeddable":true,"href":"https:\/\/obuxixeiro.com.br\/index.php?rest_route=%2Fwp%2Fv2%2Fcomments&post=155438"}],"version-history":[{"count":0,"href":"https:\/\/obuxixeiro.com.br\/index.php?rest_route=\/wp\/v2\/posts\/155438\/revisions"}],"wp:featuredmedia":[{"embeddable":true,"href":"https:\/\/obuxixeiro.com.br\/index.php?rest_route=\/wp\/v2\/media\/155439"}],"wp:attachment":[{"href":"https:\/\/obuxixeiro.com.br\/index.php?rest_route=%2Fwp%2Fv2%2Fmedia&parent=155438"}],"wp:term":[{"taxonomy":"category","embeddable":true,"href":"https:\/\/obuxixeiro.com.br\/index.php?rest_route=%2Fwp%2Fv2%2Fcategories&post=155438"},{"taxonomy":"post_tag","embeddable":true,"href":"https:\/\/obuxixeiro.com.br\/index.php?rest_route=%2Fwp%2Fv2%2Ftags&post=155438"}],"curies":[{"name":"wp","href":"https:\/\/api.w.org\/{rel}","templated":true}]}}