{"id":155440,"date":"2026-04-12T23:56:00","date_gmt":"2026-04-13T02:56:00","guid":{"rendered":"https:\/\/obuxixeiro.com.br\/2026\/04\/12\/grupo-ligado-a-ladrao-de-casas-em-sp-e-preso-em-operacao-policial\/"},"modified":"2026-04-12T23:56:00","modified_gmt":"2026-04-13T02:56:00","slug":"grupo-ligado-a-ladrao-de-casas-em-sp-e-preso-em-operacao-policial","status":"publish","type":"post","link":"https:\/\/obuxixeiro.com.br\/?p=155440","title":{"rendered":"Grupo ligado a ladr\u00e3o de casas em SP \u00e9 preso em opera\u00e7\u00e3o policial"},"content":{"rendered":"\n<div>\n<p><strong>Investiga\u00e7\u00e3o aponta atua\u00e7\u00e3o organizada em furtos de alto padr\u00e3o na capital<\/strong><\/p>\n<p>Um grupo suspeito de liga\u00e7\u00e3o com um dos principais ladr\u00f5es de resid\u00eancias de alto padr\u00e3o em S\u00e3o Paulo foi preso durante opera\u00e7\u00e3o policial. Os investigados seriam integrantes de uma quadrilha conhecida como \u201cGangue do Minotauro\u201d.<\/p>\n<p>Segundo as investiga\u00e7\u00f5es, o grupo atuava de forma organizada, com divis\u00e3o de fun\u00e7\u00f5es e foco em im\u00f3veis de maior valor.<\/p>\n<p><strong>Modus operandi<\/strong><\/p>\n<p>De acordo com a apura\u00e7\u00e3o, os suspeitos monitoravam rotinas das v\u00edtimas antes de realizar os crimes. A a\u00e7\u00e3o inclu\u00eda identifica\u00e7\u00e3o de resid\u00eancias vazias e planejamento pr\u00e9vio para execu\u00e7\u00e3o dos furtos.<\/p>\n<p>A investiga\u00e7\u00e3o indica que havia uma estrutura organizada, com integrantes respons\u00e1veis por diferentes etapas, como vigil\u00e2ncia, invas\u00e3o e escoamento dos bens.<\/p>\n<p><strong>Pris\u00f5es e investiga\u00e7\u00e3o<\/strong><\/p>\n<p>Os suspeitos foram detidos e o caso segue sob investiga\u00e7\u00e3o para identificar outros poss\u00edveis envolvidos e a extens\u00e3o da atua\u00e7\u00e3o do grupo.<\/p>\n<p><strong>HostingPRESS Ag\u00eancia de Not\u00edcias de S\u00e3o Paulo<\/strong><br \/>Conte\u00fado distribu\u00eddo por nossa Central de Jornalismo<br \/>Reprodu\u00e7\u00e3o autorizada mediante cr\u00e9dito da fonte<\/p>\n<p>Portal criado para conectar os leitores da regi\u00e3o ao melhor conte\u00fado<\/p>\n<p>Somos l\u00edderes de audi\u00eancia local. Somos sociais.\u00a0Conecte-se conosco.<\/p>\n<\/p><\/div>\n<section>  \t<img alt=\"Avatar photo\" src=\"https:\/\/hostingpress.com.br\/wp-content\/uploads\/2026\/03\/cropped-Divilgacao-95x95.jpeg\"  height=\"95\" width=\"95\" decoding=\"async\">\t \t<\/p>\n<div>\n<p>Vinicius Moror\u00f3<\/p>\n<p>Editor-Executivo-Regional | Jornalista | Diretor Editorial    Editor-Executivo-Regional da HostingPress Ag\u00eancia de Not\u00edcias de S\u00e3o Paulo, com atua\u00e7\u00e3o voltada \u00e0 coordena\u00e7\u00e3o editorial regional, articula\u00e7\u00e3o com ve\u00edculos parceiros e fortalecimento da distribui\u00e7\u00e3o de conte\u00fado jornal\u00edstico no Estado de S\u00e3o Paulo.      Editor-chefe do Jornal Impacto Cotia, com foco em jornalismo investigativo, interesse p\u00fablico e an\u00e1lise cr\u00edtica de temas pol\u00edticos, sociais e institucionais.<\/p>\n<\/p><\/div>\n<\/section>\n","protected":false},"excerpt":{"rendered":"<p>Investiga\u00e7\u00e3o aponta atua\u00e7\u00e3o organizada em furtos de alto padr\u00e3o na capital Um grupo suspeito de liga\u00e7\u00e3o com um dos principais ladr\u00f5es de resid\u00eancias de alto padr\u00e3o em S\u00e3o Paulo foi preso durante opera\u00e7\u00e3o policial. Os investigados seriam integrantes de uma quadrilha conhecida como \u201cGangue do Minotauro\u201d. Segundo as investiga\u00e7\u00f5es, o grupo atuava de forma organizada,<\/p>\n","protected":false},"author":808,"featured_media":155441,"comment_status":"closed","ping_status":"closed","sticky":false,"template":"","format":"standard","meta":{"footnotes":""},"categories":[59,1],"tags":[],"class_list":{"0":"post-155440","1":"post","2":"type-post","3":"status-publish","4":"format-standard","5":"has-post-thumbnail","7":"category-bairros","8":"category-todas-noticias"},"_links":{"self":[{"href":"https:\/\/obuxixeiro.com.br\/index.php?rest_route=\/wp\/v2\/posts\/155440","targetHints":{"allow":["GET"]}}],"collection":[{"href":"https:\/\/obuxixeiro.com.br\/index.php?rest_route=\/wp\/v2\/posts"}],"about":[{"href":"https:\/\/obuxixeiro.com.br\/index.php?rest_route=\/wp\/v2\/types\/post"}],"author":[{"embeddable":true,"href":"https:\/\/obuxixeiro.com.br\/index.php?rest_route=\/wp\/v2\/users\/808"}],"replies":[{"embeddable":true,"href":"https:\/\/obuxixeiro.com.br\/index.php?rest_route=%2Fwp%2Fv2%2Fcomments&post=155440"}],"version-history":[{"count":0,"href":"https:\/\/obuxixeiro.com.br\/index.php?rest_route=\/wp\/v2\/posts\/155440\/revisions"}],"wp:featuredmedia":[{"embeddable":true,"href":"https:\/\/obuxixeiro.com.br\/index.php?rest_route=\/wp\/v2\/media\/155441"}],"wp:attachment":[{"href":"https:\/\/obuxixeiro.com.br\/index.php?rest_route=%2Fwp%2Fv2%2Fmedia&parent=155440"}],"wp:term":[{"taxonomy":"category","embeddable":true,"href":"https:\/\/obuxixeiro.com.br\/index.php?rest_route=%2Fwp%2Fv2%2Fcategories&post=155440"},{"taxonomy":"post_tag","embeddable":true,"href":"https:\/\/obuxixeiro.com.br\/index.php?rest_route=%2Fwp%2Fv2%2Ftags&post=155440"}],"curies":[{"name":"wp","href":"https:\/\/api.w.org\/{rel}","templated":true}]}}