{"id":155442,"date":"2026-04-09T02:08:00","date_gmt":"2026-04-09T05:08:00","guid":{"rendered":"https:\/\/obuxixeiro.com.br\/2026\/04\/09\/embu-das-artes-passa-a-pagar-por-reciclagem-de-garrafas-pet\/"},"modified":"2026-04-09T02:08:00","modified_gmt":"2026-04-09T05:08:00","slug":"embu-das-artes-passa-a-pagar-por-reciclagem-de-garrafas-pet","status":"publish","type":"post","link":"https:\/\/obuxixeiro.com.br\/?p=155442","title":{"rendered":"Embu das Artes passa a pagar por reciclagem de garrafas PET"},"content":{"rendered":"\n<div>\n<p><strong>Inclus\u00e3o do material amplia renda de catadores e refor\u00e7a cadeia de reciclagem no munic\u00edpio<\/strong><\/p>\n<p>Moradores e catadores de Embu das Artes passaram a receber pagamento pela entrega de garrafas e embalagens PET na Esta\u00e7\u00e3o Pre\u00e7o de F\u00e1brica. A mudan\u00e7a foi anunciada em <strong>abril de 2026<\/strong> e amplia a lista de materiais aceitos no local.<\/p>\n<p>A medida permite que mais tipos de recicl\u00e1veis sejam vendidos no mesmo ponto, sem necessidade de intermedi\u00e1rios, o que pode aumentar a renda de quem utiliza o servi\u00e7o.<\/p>\n<p><strong>Amplia\u00e7\u00e3o do sistema de coleta<\/strong><\/p>\n<p>A inclus\u00e3o do PET ocorre com a entrada da Coca-Cola FEMSA Brasil no projeto operado pela Green Mining. A proposta \u00e9 ampliar a destina\u00e7\u00e3o correta de embalagens e aumentar o volume de materiais reciclados.<\/p>\n<p>Segundo o projeto, o pl\u00e1stico recolhido ser\u00e1 reinserido na cadeia produtiva como mat\u00e9ria-prima reciclada.<\/p>\n<p><strong>Impacto na renda e reciclagem<\/strong><\/p>\n<p>Dados informados pela iniciativa indicam que as esta\u00e7\u00f5es do programa j\u00e1 repassaram mais de <strong>R$ 7,3 milh\u00f5es<\/strong> a catadores em diferentes estados. Em Embu das Artes, o valor chega a cerca de <strong>R$ 640 mil<\/strong>, com mais de <strong>700 pessoas<\/strong> remuneradas.<\/p>\n<p>O volume total de materiais encaminhados para reciclagem soma aproximadamente <strong>7 mil toneladas<\/strong>, sendo cerca de <strong>1,2 tonelada<\/strong> registrada na unidade do munic\u00edpio.<\/p>\n<p><strong>Articula\u00e7\u00e3o regional<\/strong><\/p>\n<p>O projeto conta com apoio do Conisud, que re\u00fane cidades da regi\u00e3o sudoeste da Grande S\u00e3o Paulo e atua em a\u00e7\u00f5es de coopera\u00e7\u00e3o regional.<\/p>\n<p>A iniciativa est\u00e1 inserida em uma estrat\u00e9gia de reaproveitamento de res\u00edduos com gera\u00e7\u00e3o de renda e organiza\u00e7\u00e3o da cadeia de reciclagem local.<\/p>\n<p><strong>Servi\u00e7o<\/strong><\/p>\n<p><strong>Esta\u00e7\u00e3o Pre\u00e7o de F\u00e1brica Embu das Artes<\/strong><br \/>Endere\u00e7o: Av. Elias Yazbek, <strong>907<\/strong><br \/>Funcionamento:<br \/>Segunda a sexta: <strong>8h \u00e0s 17h<\/strong><br \/>S\u00e1bado: <strong>8h \u00e0s 12h<\/strong><\/p>\n<p><strong>HostingPRESS Ag\u00eancia de Not\u00edcias de S\u00e3o Paulo<\/strong><br \/>Conte\u00fado distribu\u00eddo por nossa Central de Jornalismo<br \/>Reprodu\u00e7\u00e3o autorizada mediante cr\u00e9dito da fonte<\/p>\n<p>Portal criado para conectar os leitores da regi\u00e3o ao melhor conte\u00fado<\/p>\n<p>Somos l\u00edderes de audi\u00eancia local. Somos sociais.\u00a0Conecte-se conosco.<\/p>\n<\/p><\/div>\n<section>  \t<img alt=\"Avatar photo\" src=\"https:\/\/hostingpress.com.br\/wp-content\/uploads\/2026\/03\/cropped-Divilgacao-95x95.jpeg\"  height=\"95\" width=\"95\" decoding=\"async\">\t \t<\/p>\n<div>\n<p>Vinicius Moror\u00f3<\/p>\n<p>Editor-Executivo-Regional | Jornalista | Diretor Editorial    Editor-Executivo-Regional da HostingPress Ag\u00eancia de Not\u00edcias de S\u00e3o Paulo, com atua\u00e7\u00e3o voltada \u00e0 coordena\u00e7\u00e3o editorial regional, articula\u00e7\u00e3o com ve\u00edculos parceiros e fortalecimento da distribui\u00e7\u00e3o de conte\u00fado jornal\u00edstico no Estado de S\u00e3o Paulo.      Editor-chefe do Jornal Impacto Cotia, com foco em jornalismo investigativo, interesse p\u00fablico e an\u00e1lise cr\u00edtica de temas pol\u00edticos, sociais e institucionais.<\/p>\n<\/p><\/div>\n<\/section>\n","protected":false},"excerpt":{"rendered":"<p>Inclus\u00e3o do material amplia renda de catadores e refor\u00e7a cadeia de reciclagem no munic\u00edpio Moradores e catadores de Embu das Artes passaram a receber pagamento pela entrega de garrafas e embalagens PET na Esta\u00e7\u00e3o Pre\u00e7o de F\u00e1brica. A mudan\u00e7a foi anunciada em abril de 2026 e amplia a lista de materiais aceitos no local. A<\/p>\n","protected":false},"author":808,"featured_media":155443,"comment_status":"closed","ping_status":"closed","sticky":false,"template":"","format":"standard","meta":{"footnotes":""},"categories":[59,1],"tags":[],"class_list":{"0":"post-155442","1":"post","2":"type-post","3":"status-publish","4":"format-standard","5":"has-post-thumbnail","7":"category-bairros","8":"category-todas-noticias"},"_links":{"self":[{"href":"https:\/\/obuxixeiro.com.br\/index.php?rest_route=\/wp\/v2\/posts\/155442","targetHints":{"allow":["GET"]}}],"collection":[{"href":"https:\/\/obuxixeiro.com.br\/index.php?rest_route=\/wp\/v2\/posts"}],"about":[{"href":"https:\/\/obuxixeiro.com.br\/index.php?rest_route=\/wp\/v2\/types\/post"}],"author":[{"embeddable":true,"href":"https:\/\/obuxixeiro.com.br\/index.php?rest_route=\/wp\/v2\/users\/808"}],"replies":[{"embeddable":true,"href":"https:\/\/obuxixeiro.com.br\/index.php?rest_route=%2Fwp%2Fv2%2Fcomments&post=155442"}],"version-history":[{"count":0,"href":"https:\/\/obuxixeiro.com.br\/index.php?rest_route=\/wp\/v2\/posts\/155442\/revisions"}],"wp:featuredmedia":[{"embeddable":true,"href":"https:\/\/obuxixeiro.com.br\/index.php?rest_route=\/wp\/v2\/media\/155443"}],"wp:attachment":[{"href":"https:\/\/obuxixeiro.com.br\/index.php?rest_route=%2Fwp%2Fv2%2Fmedia&parent=155442"}],"wp:term":[{"taxonomy":"category","embeddable":true,"href":"https:\/\/obuxixeiro.com.br\/index.php?rest_route=%2Fwp%2Fv2%2Fcategories&post=155442"},{"taxonomy":"post_tag","embeddable":true,"href":"https:\/\/obuxixeiro.com.br\/index.php?rest_route=%2Fwp%2Fv2%2Ftags&post=155442"}],"curies":[{"name":"wp","href":"https:\/\/api.w.org\/{rel}","templated":true}]}}