{"id":155446,"date":"2026-04-17T22:44:00","date_gmt":"2026-04-18T01:44:00","guid":{"rendered":"https:\/\/obuxixeiro.com.br\/2026\/04\/17\/homem-morre-apos-ser-baleado-ao-tentar-impedir-assalto-na-zona-sul-de-sp\/"},"modified":"2026-04-17T22:44:00","modified_gmt":"2026-04-18T01:44:00","slug":"homem-morre-apos-ser-baleado-ao-tentar-impedir-assalto-na-zona-sul-de-sp","status":"publish","type":"post","link":"https:\/\/obuxixeiro.com.br\/?p=155446","title":{"rendered":"Homem morre ap\u00f3s ser baleado ao tentar impedir assalto na zona sul de SP"},"content":{"rendered":"\n<div>\n<p><strong>Caso ocorreu durante tentativa de interven\u00e7\u00e3o da v\u00edtima e est\u00e1 sob investiga\u00e7\u00e3o<\/strong><\/p>\n<p>Um homem morreu ap\u00f3s ser baleado ao tentar impedir um assalto na zona sul da S\u00e3o Paulo.<\/p>\n<p>De acordo com as informa\u00e7\u00f5es iniciais, a v\u00edtima foi atingida por um disparo durante a a\u00e7\u00e3o criminosa. O caso foi registrado e est\u00e1 sendo investigado pelas autoridades.<\/p>\n<p>O homem chegou a ser socorrido, mas n\u00e3o resistiu aos ferimentos. O material n\u00e3o detalha <strong>a identidade da v\u00edtima, o local exato da ocorr\u00eancia nem o n\u00famero de envolvidos no crime<\/strong>.<\/p>\n<p>At\u00e9 o momento, n\u00e3o h\u00e1 confirma\u00e7\u00e3o sobre a pris\u00e3o de suspeitos. As circunst\u00e2ncias completas do caso ainda est\u00e3o sendo apuradas pela pol\u00edcia.<\/p>\n<p>Casos desse tipo t\u00eam sido registrados em diferentes regi\u00f5es da cidade e levantam discuss\u00f5es sobre seguran\u00e7a p\u00fablica e rea\u00e7\u00e3o a crimes, embora cada ocorr\u00eancia dependa de investiga\u00e7\u00e3o espec\u00edfica.<\/p>\n<p><strong>HostingPRESS Ag\u00eancia de Not\u00edcias de S\u00e3o Paulo<\/strong><br \/>Conte\u00fado distribu\u00eddo por nossa Central de Jornalismo<br \/>Reprodu\u00e7\u00e3o autorizada mediante cr\u00e9dito da fonte<\/p>\n<p>Portal criado para conectar os leitores da regi\u00e3o ao melhor conte\u00fado<\/p>\n<p>Somos l\u00edderes de audi\u00eancia local. Somos sociais.\u00a0Conecte-se conosco.<\/p>\n<\/p><\/div>\n<section>  \t<img alt=\"Avatar photo\" src=\"https:\/\/hostingpress.com.br\/wp-content\/uploads\/2026\/03\/cropped-Divilgacao-95x95.jpeg\"  height=\"95\" width=\"95\" decoding=\"async\">\t \t<\/p>\n<div>\n<p>Vinicius Moror\u00f3<\/p>\n<p>Editor-Executivo-Regional | Jornalista | Diretor Editorial    Editor-Executivo-Regional da HostingPress Ag\u00eancia de Not\u00edcias de S\u00e3o Paulo, com atua\u00e7\u00e3o voltada \u00e0 coordena\u00e7\u00e3o editorial regional, articula\u00e7\u00e3o com ve\u00edculos parceiros e fortalecimento da distribui\u00e7\u00e3o de conte\u00fado jornal\u00edstico no Estado de S\u00e3o Paulo.      Editor-chefe do Jornal Impacto Cotia, com foco em jornalismo investigativo, interesse p\u00fablico e an\u00e1lise cr\u00edtica de temas pol\u00edticos, sociais e institucionais.<\/p>\n<\/p><\/div>\n<\/section>\n","protected":false},"excerpt":{"rendered":"<p>Caso ocorreu durante tentativa de interven\u00e7\u00e3o da v\u00edtima e est\u00e1 sob investiga\u00e7\u00e3o Um homem morreu ap\u00f3s ser baleado ao tentar impedir um assalto na zona sul da S\u00e3o Paulo. De acordo com as informa\u00e7\u00f5es iniciais, a v\u00edtima foi atingida por um disparo durante a a\u00e7\u00e3o criminosa. O caso foi registrado e est\u00e1 sendo investigado pelas<\/p>\n","protected":false},"author":808,"featured_media":155447,"comment_status":"closed","ping_status":"closed","sticky":false,"template":"","format":"standard","meta":{"footnotes":""},"categories":[59,1],"tags":[],"class_list":{"0":"post-155446","1":"post","2":"type-post","3":"status-publish","4":"format-standard","5":"has-post-thumbnail","7":"category-bairros","8":"category-todas-noticias"},"_links":{"self":[{"href":"https:\/\/obuxixeiro.com.br\/index.php?rest_route=\/wp\/v2\/posts\/155446","targetHints":{"allow":["GET"]}}],"collection":[{"href":"https:\/\/obuxixeiro.com.br\/index.php?rest_route=\/wp\/v2\/posts"}],"about":[{"href":"https:\/\/obuxixeiro.com.br\/index.php?rest_route=\/wp\/v2\/types\/post"}],"author":[{"embeddable":true,"href":"https:\/\/obuxixeiro.com.br\/index.php?rest_route=\/wp\/v2\/users\/808"}],"replies":[{"embeddable":true,"href":"https:\/\/obuxixeiro.com.br\/index.php?rest_route=%2Fwp%2Fv2%2Fcomments&post=155446"}],"version-history":[{"count":0,"href":"https:\/\/obuxixeiro.com.br\/index.php?rest_route=\/wp\/v2\/posts\/155446\/revisions"}],"wp:featuredmedia":[{"embeddable":true,"href":"https:\/\/obuxixeiro.com.br\/index.php?rest_route=\/wp\/v2\/media\/155447"}],"wp:attachment":[{"href":"https:\/\/obuxixeiro.com.br\/index.php?rest_route=%2Fwp%2Fv2%2Fmedia&parent=155446"}],"wp:term":[{"taxonomy":"category","embeddable":true,"href":"https:\/\/obuxixeiro.com.br\/index.php?rest_route=%2Fwp%2Fv2%2Fcategories&post=155446"},{"taxonomy":"post_tag","embeddable":true,"href":"https:\/\/obuxixeiro.com.br\/index.php?rest_route=%2Fwp%2Fv2%2Ftags&post=155446"}],"curies":[{"name":"wp","href":"https:\/\/api.w.org\/{rel}","templated":true}]}}