{"id":155448,"date":"2026-03-31T14:48:00","date_gmt":"2026-03-31T17:48:00","guid":{"rendered":"https:\/\/obuxixeiro.com.br\/2026\/03\/31\/justica-estabelece-prazo-de-60-dias-para-desocupacao-de-area-no-campo-de-marte-usada-por-time-de-varzea\/"},"modified":"2026-03-31T14:48:00","modified_gmt":"2026-03-31T17:48:00","slug":"justica-estabelece-prazo-de-60-dias-para-desocupacao-de-area-no-campo-de-marte-usada-por-time-de-varzea","status":"publish","type":"post","link":"https:\/\/obuxixeiro.com.br\/?p=155448","title":{"rendered":"Justi\u00e7a estabelece prazo de 60 dias para desocupa\u00e7\u00e3o de \u00e1rea no Campo de Marte usada por time de v\u00e1rzea"},"content":{"rendered":"\n<div>\n<p><strong>Decis\u00e3o atende pedido de reintegra\u00e7\u00e3o e envolve terreno p\u00fablico na Zona Norte da capital<\/strong><\/p>\n<p>A Justi\u00e7a determinou que um time de futebol amador dever\u00e1 deixar, em at\u00e9 60 dias, uma \u00e1rea ocupada no Campo de Marte, na Zona Norte de S\u00e3o Paulo. A decis\u00e3o foi tomada ap\u00f3s pedido de reintegra\u00e7\u00e3o de posse envolvendo o uso do terreno.<\/p>\n<p>O espa\u00e7o vinha sendo utilizado por integrantes de um clube tradicional da regi\u00e3o para atividades esportivas e eventos culturais. A \u00e1rea \u00e9 p\u00fablica e est\u00e1 vinculada \u00e0 estrutura aeroportu\u00e1ria.<\/p>\n<p>A decis\u00e3o judicial estabelece prazo para sa\u00edda volunt\u00e1ria. Ap\u00f3s esse per\u00edodo, o descumprimento pode resultar em medidas legais para cumprimento da ordem.<\/p>\n<p>O terreno em quest\u00e3o est\u00e1 inclu\u00eddo em projeto p\u00fablico, com previs\u00e3o de destina\u00e7\u00e3o para interven\u00e7\u00e3o urbana. A utiliza\u00e7\u00e3o atual, segundo o processo, n\u00e3o possui autoriza\u00e7\u00e3o formal compat\u00edvel com a finalidade da \u00e1rea.<\/p>\n<p>A medida impacta frequentadores e praticantes de futebol de v\u00e1rzea que utilizam o espa\u00e7o regularmente na regi\u00e3o.<\/p>\n<p><strong>HostingPRESS Ag\u00eancia de Not\u00edcias de S\u00e3o Paulo<\/strong><br \/>Conte\u00fado distribu\u00eddo por nossa Central de Jornalismo<br \/>Reprodu\u00e7\u00e3o autorizada mediante cr\u00e9dito da fonte<\/p>\n<p>Portal criado para conectar os leitores da regi\u00e3o ao melhor conte\u00fado<\/p>\n<p>Somos l\u00edderes de audi\u00eancia local. Somos sociais.\u00a0Conecte-se conosco.<\/p>\n<\/p><\/div>\n<section>  \t<img alt=\"Avatar photo\" src=\"https:\/\/hostingpress.com.br\/wp-content\/uploads\/2026\/03\/cropped-Divilgacao-95x95.jpeg\"  height=\"95\" width=\"95\" decoding=\"async\">\t \t<\/p>\n<div>\n<p>Vinicius Moror\u00f3<\/p>\n<p>Editor-Executivo-Regional | Jornalista | Diretor Editorial    Editor-Executivo-Regional da HostingPress Ag\u00eancia de Not\u00edcias de S\u00e3o Paulo, com atua\u00e7\u00e3o voltada \u00e0 coordena\u00e7\u00e3o editorial regional, articula\u00e7\u00e3o com ve\u00edculos parceiros e fortalecimento da distribui\u00e7\u00e3o de conte\u00fado jornal\u00edstico no Estado de S\u00e3o Paulo.      Editor-chefe do Jornal Impacto Cotia, com foco em jornalismo investigativo, interesse p\u00fablico e an\u00e1lise cr\u00edtica de temas pol\u00edticos, sociais e institucionais.<\/p>\n<\/p><\/div>\n<\/section>\n","protected":false},"excerpt":{"rendered":"<p>Decis\u00e3o atende pedido de reintegra\u00e7\u00e3o e envolve terreno p\u00fablico na Zona Norte da capital A Justi\u00e7a determinou que um time de futebol amador dever\u00e1 deixar, em at\u00e9 60 dias, uma \u00e1rea ocupada no Campo de Marte, na Zona Norte de S\u00e3o Paulo. A decis\u00e3o foi tomada ap\u00f3s pedido de reintegra\u00e7\u00e3o de posse envolvendo o uso<\/p>\n","protected":false},"author":808,"featured_media":155449,"comment_status":"closed","ping_status":"closed","sticky":false,"template":"","format":"standard","meta":{"footnotes":""},"categories":[59,1],"tags":[],"class_list":{"0":"post-155448","1":"post","2":"type-post","3":"status-publish","4":"format-standard","5":"has-post-thumbnail","7":"category-bairros","8":"category-todas-noticias"},"_links":{"self":[{"href":"https:\/\/obuxixeiro.com.br\/index.php?rest_route=\/wp\/v2\/posts\/155448","targetHints":{"allow":["GET"]}}],"collection":[{"href":"https:\/\/obuxixeiro.com.br\/index.php?rest_route=\/wp\/v2\/posts"}],"about":[{"href":"https:\/\/obuxixeiro.com.br\/index.php?rest_route=\/wp\/v2\/types\/post"}],"author":[{"embeddable":true,"href":"https:\/\/obuxixeiro.com.br\/index.php?rest_route=\/wp\/v2\/users\/808"}],"replies":[{"embeddable":true,"href":"https:\/\/obuxixeiro.com.br\/index.php?rest_route=%2Fwp%2Fv2%2Fcomments&post=155448"}],"version-history":[{"count":0,"href":"https:\/\/obuxixeiro.com.br\/index.php?rest_route=\/wp\/v2\/posts\/155448\/revisions"}],"wp:featuredmedia":[{"embeddable":true,"href":"https:\/\/obuxixeiro.com.br\/index.php?rest_route=\/wp\/v2\/media\/155449"}],"wp:attachment":[{"href":"https:\/\/obuxixeiro.com.br\/index.php?rest_route=%2Fwp%2Fv2%2Fmedia&parent=155448"}],"wp:term":[{"taxonomy":"category","embeddable":true,"href":"https:\/\/obuxixeiro.com.br\/index.php?rest_route=%2Fwp%2Fv2%2Fcategories&post=155448"},{"taxonomy":"post_tag","embeddable":true,"href":"https:\/\/obuxixeiro.com.br\/index.php?rest_route=%2Fwp%2Fv2%2Ftags&post=155448"}],"curies":[{"name":"wp","href":"https:\/\/api.w.org\/{rel}","templated":true}]}}