{"id":155450,"date":"2026-04-11T23:35:00","date_gmt":"2026-04-12T02:35:00","guid":{"rendered":"https:\/\/obuxixeiro.com.br\/2026\/04\/11\/mulher-e-imobilizada-pela-pm-na-avenida-paulista-durante-discussao-trabalhista\/"},"modified":"2026-04-11T23:35:00","modified_gmt":"2026-04-12T02:35:00","slug":"mulher-e-imobilizada-pela-pm-na-avenida-paulista-durante-discussao-trabalhista","status":"publish","type":"post","link":"https:\/\/obuxixeiro.com.br\/?p=155450","title":{"rendered":"Mulher \u00e9 imobilizada pela PM na Avenida Paulista durante discuss\u00e3o trabalhista"},"content":{"rendered":"\n<div>\n<p><strong>Abordagem ocorreu em frente \u00e0 filha e caso gerou repercuss\u00e3o nas redes sociais<\/strong><\/p>\n<p>Uma mulher foi imobilizada por policiais militares na Avenida Paulista, em S\u00e3o Paulo, ap\u00f3s ir a um escrit\u00f3rio para discutir uma rescis\u00e3o contratual. A abordagem ocorreu na presen\u00e7a da filha da mulher e foi registrada em v\u00eddeo.<\/p>\n<p>As imagens mostram o momento em que a mulher \u00e9 contida pelos agentes durante a ocorr\u00eancia.<\/p>\n<p>Segundo informa\u00e7\u00f5es iniciais, a mulher teria ido ao local para tratar de quest\u00f5es relacionadas ao encerramento de um contrato de trabalho. A situa\u00e7\u00e3o evoluiu para uma interven\u00e7\u00e3o policial, cuja din\u00e2mica ainda est\u00e1 sendo apurada.<\/p>\n<p>O caso ganhou repercuss\u00e3o nas redes sociais, especialmente pelo fato de a abordagem ter ocorrido em via p\u00fablica e na frente da filha da mulher.<\/p>\n<p><strong>Investiga\u00e7\u00e3o<\/strong><\/p>\n<p>As circunst\u00e2ncias da a\u00e7\u00e3o policial devem ser analisadas pelas autoridades competentes. At\u00e9 o momento, n\u00e3o h\u00e1 informa\u00e7\u00f5es detalhadas sobre eventuais medidas administrativas ou desdobramentos do caso.<\/p>\n<p><strong>HostingPRESS Ag\u00eancia de Not\u00edcias de S\u00e3o Paulo<\/strong><br \/>Conte\u00fado distribu\u00eddo por nossa Central de Jornalismo<br \/>Reprodu\u00e7\u00e3o autorizada mediante cr\u00e9dito da fonte<\/p>\n<p>Portal criado para conectar os leitores da regi\u00e3o ao melhor conte\u00fado<\/p>\n<p>Somos l\u00edderes de audi\u00eancia local. Somos sociais.\u00a0Conecte-se conosco.<\/p>\n<\/p><\/div>\n<section>  \t<img alt=\"Avatar photo\" src=\"https:\/\/hostingpress.com.br\/wp-content\/uploads\/2026\/03\/cropped-Divilgacao-95x95.jpeg\"  height=\"95\" width=\"95\" decoding=\"async\">\t \t<\/p>\n<div>\n<p>Vinicius Moror\u00f3<\/p>\n<p>Editor-Executivo-Regional | Jornalista | Diretor Editorial    Editor-Executivo-Regional da HostingPress Ag\u00eancia de Not\u00edcias de S\u00e3o Paulo, com atua\u00e7\u00e3o voltada \u00e0 coordena\u00e7\u00e3o editorial regional, articula\u00e7\u00e3o com ve\u00edculos parceiros e fortalecimento da distribui\u00e7\u00e3o de conte\u00fado jornal\u00edstico no Estado de S\u00e3o Paulo.      Editor-chefe do Jornal Impacto Cotia, com foco em jornalismo investigativo, interesse p\u00fablico e an\u00e1lise cr\u00edtica de temas pol\u00edticos, sociais e institucionais.<\/p>\n<\/p><\/div>\n<\/section>\n","protected":false},"excerpt":{"rendered":"<p>Abordagem ocorreu em frente \u00e0 filha e caso gerou repercuss\u00e3o nas redes sociais Uma mulher foi imobilizada por policiais militares na Avenida Paulista, em S\u00e3o Paulo, ap\u00f3s ir a um escrit\u00f3rio para discutir uma rescis\u00e3o contratual. A abordagem ocorreu na presen\u00e7a da filha da mulher e foi registrada em v\u00eddeo. As imagens mostram o momento<\/p>\n","protected":false},"author":808,"featured_media":155451,"comment_status":"closed","ping_status":"closed","sticky":false,"template":"","format":"standard","meta":{"footnotes":""},"categories":[59,1],"tags":[],"class_list":{"0":"post-155450","1":"post","2":"type-post","3":"status-publish","4":"format-standard","5":"has-post-thumbnail","7":"category-bairros","8":"category-todas-noticias"},"_links":{"self":[{"href":"https:\/\/obuxixeiro.com.br\/index.php?rest_route=\/wp\/v2\/posts\/155450","targetHints":{"allow":["GET"]}}],"collection":[{"href":"https:\/\/obuxixeiro.com.br\/index.php?rest_route=\/wp\/v2\/posts"}],"about":[{"href":"https:\/\/obuxixeiro.com.br\/index.php?rest_route=\/wp\/v2\/types\/post"}],"author":[{"embeddable":true,"href":"https:\/\/obuxixeiro.com.br\/index.php?rest_route=\/wp\/v2\/users\/808"}],"replies":[{"embeddable":true,"href":"https:\/\/obuxixeiro.com.br\/index.php?rest_route=%2Fwp%2Fv2%2Fcomments&post=155450"}],"version-history":[{"count":0,"href":"https:\/\/obuxixeiro.com.br\/index.php?rest_route=\/wp\/v2\/posts\/155450\/revisions"}],"wp:featuredmedia":[{"embeddable":true,"href":"https:\/\/obuxixeiro.com.br\/index.php?rest_route=\/wp\/v2\/media\/155451"}],"wp:attachment":[{"href":"https:\/\/obuxixeiro.com.br\/index.php?rest_route=%2Fwp%2Fv2%2Fmedia&parent=155450"}],"wp:term":[{"taxonomy":"category","embeddable":true,"href":"https:\/\/obuxixeiro.com.br\/index.php?rest_route=%2Fwp%2Fv2%2Fcategories&post=155450"},{"taxonomy":"post_tag","embeddable":true,"href":"https:\/\/obuxixeiro.com.br\/index.php?rest_route=%2Fwp%2Fv2%2Ftags&post=155450"}],"curies":[{"name":"wp","href":"https:\/\/api.w.org\/{rel}","templated":true}]}}