{"id":155454,"date":"2026-04-03T22:52:00","date_gmt":"2026-04-04T01:52:00","guid":{"rendered":"https:\/\/obuxixeiro.com.br\/2026\/04\/03\/carro-capota-e-cai-em-corrego-na-avenida-jacu-pessego-na-zona-leste-de-sao-paulo\/"},"modified":"2026-04-03T22:52:00","modified_gmt":"2026-04-04T01:52:00","slug":"carro-capota-e-cai-em-corrego-na-avenida-jacu-pessego-na-zona-leste-de-sao-paulo","status":"publish","type":"post","link":"https:\/\/obuxixeiro.com.br\/?p=155454","title":{"rendered":"Carro capota e cai em c\u00f3rrego na Avenida Jacu-P\u00eassego, na Zona Leste de S\u00e3o Paulo"},"content":{"rendered":"\n<div>\n<p><strong>Jovem de 19 anos ficou ferido ap\u00f3s acidente em via da capital paulista<\/strong><\/p>\n<p>Um carro capotou e caiu em um c\u00f3rrego na <strong>Avenida Jacu-P\u00eassego, na Zona Leste de S\u00e3o Paulo<\/strong>, deixando um jovem de <strong>19 anos ferido<\/strong>. O acidente ocorreu em via de grande circula\u00e7\u00e3o e mobilizou equipes de atendimento.<\/p>\n<p>Segundo as informa\u00e7\u00f5es divulgadas, o ve\u00edculo perdeu o controle, capotou e acabou parando dentro do c\u00f3rrego \u00e0s margens da avenida. O motorista, \u00fanico ocupante, foi socorrido ap\u00f3s o impacto.<\/p>\n<p>A v\u00edtima sofreu ferimentos e recebeu atendimento no local antes de ser encaminhada a uma unidade de sa\u00fade. O estado de sa\u00fade n\u00e3o foi detalhado nas informa\u00e7\u00f5es dispon\u00edveis at\u00e9 o momento.<\/p>\n<p>Equipes de resgate e \u00f3rg\u00e3os competentes atuaram na ocorr\u00eancia, realizando o atendimento e a retirada do ve\u00edculo. As circunst\u00e2ncias do acidente ainda s\u00e3o <strong>objeto de apura\u00e7\u00e3o<\/strong>, incluindo as causas que levaram \u00e0 perda de controle do autom\u00f3vel.<\/p>\n<p>A Avenida Jacu-P\u00eassego \u00e9 um dos principais corredores vi\u00e1rios da Zona Leste e registra fluxo intenso de ve\u00edculos, o que pode influenciar a din\u00e2mica de ocorr\u00eancias desse tipo.<\/p>\n<p><strong>HostingPRESS Ag\u00eancia de Not\u00edcias de S\u00e3o Paulo<\/strong><br \/>Conte\u00fado distribu\u00eddo por nossa Central de Jornalismo<br \/>Reprodu\u00e7\u00e3o autorizada mediante cr\u00e9dito da fonte<\/p>\n<p>Portal criado para conectar os leitores da regi\u00e3o ao melhor conte\u00fado<\/p>\n<p>Somos l\u00edderes de audi\u00eancia local. Somos sociais.\u00a0Conecte-se conosco.<\/p>\n<\/p><\/div>\n<section>  \t<img alt=\"Avatar photo\" src=\"https:\/\/hostingpress.com.br\/wp-content\/uploads\/2026\/03\/cropped-Divilgacao-95x95.jpeg\"  height=\"95\" width=\"95\" decoding=\"async\">\t \t<\/p>\n<div>\n<p>Vinicius Moror\u00f3<\/p>\n<p>Editor-Executivo-Regional | Jornalista | Diretor Editorial    Editor-Executivo-Regional da HostingPress Ag\u00eancia de Not\u00edcias de S\u00e3o Paulo, com atua\u00e7\u00e3o voltada \u00e0 coordena\u00e7\u00e3o editorial regional, articula\u00e7\u00e3o com ve\u00edculos parceiros e fortalecimento da distribui\u00e7\u00e3o de conte\u00fado jornal\u00edstico no Estado de S\u00e3o Paulo.      Editor-chefe do Jornal Impacto Cotia, com foco em jornalismo investigativo, interesse p\u00fablico e an\u00e1lise cr\u00edtica de temas pol\u00edticos, sociais e institucionais.<\/p>\n<\/p><\/div>\n<\/section>\n","protected":false},"excerpt":{"rendered":"<p>Jovem de 19 anos ficou ferido ap\u00f3s acidente em via da capital paulista Um carro capotou e caiu em um c\u00f3rrego na Avenida Jacu-P\u00eassego, na Zona Leste de S\u00e3o Paulo, deixando um jovem de 19 anos ferido. O acidente ocorreu em via de grande circula\u00e7\u00e3o e mobilizou equipes de atendimento. Segundo as informa\u00e7\u00f5es divulgadas, o<\/p>\n","protected":false},"author":808,"featured_media":155455,"comment_status":"closed","ping_status":"closed","sticky":false,"template":"","format":"standard","meta":{"footnotes":""},"categories":[59,1],"tags":[],"class_list":{"0":"post-155454","1":"post","2":"type-post","3":"status-publish","4":"format-standard","5":"has-post-thumbnail","7":"category-bairros","8":"category-todas-noticias"},"_links":{"self":[{"href":"https:\/\/obuxixeiro.com.br\/index.php?rest_route=\/wp\/v2\/posts\/155454","targetHints":{"allow":["GET"]}}],"collection":[{"href":"https:\/\/obuxixeiro.com.br\/index.php?rest_route=\/wp\/v2\/posts"}],"about":[{"href":"https:\/\/obuxixeiro.com.br\/index.php?rest_route=\/wp\/v2\/types\/post"}],"author":[{"embeddable":true,"href":"https:\/\/obuxixeiro.com.br\/index.php?rest_route=\/wp\/v2\/users\/808"}],"replies":[{"embeddable":true,"href":"https:\/\/obuxixeiro.com.br\/index.php?rest_route=%2Fwp%2Fv2%2Fcomments&post=155454"}],"version-history":[{"count":0,"href":"https:\/\/obuxixeiro.com.br\/index.php?rest_route=\/wp\/v2\/posts\/155454\/revisions"}],"wp:featuredmedia":[{"embeddable":true,"href":"https:\/\/obuxixeiro.com.br\/index.php?rest_route=\/wp\/v2\/media\/155455"}],"wp:attachment":[{"href":"https:\/\/obuxixeiro.com.br\/index.php?rest_route=%2Fwp%2Fv2%2Fmedia&parent=155454"}],"wp:term":[{"taxonomy":"category","embeddable":true,"href":"https:\/\/obuxixeiro.com.br\/index.php?rest_route=%2Fwp%2Fv2%2Fcategories&post=155454"},{"taxonomy":"post_tag","embeddable":true,"href":"https:\/\/obuxixeiro.com.br\/index.php?rest_route=%2Fwp%2Fv2%2Ftags&post=155454"}],"curies":[{"name":"wp","href":"https:\/\/api.w.org\/{rel}","templated":true}]}}