{"id":155464,"date":"2026-04-04T22:27:00","date_gmt":"2026-04-05T01:27:00","guid":{"rendered":"https:\/\/obuxixeiro.com.br\/2026\/04\/04\/cellar-cave-promove-noites-de-tapas-e-vinhos-com-chefs-convidados-em-sao-paulo\/"},"modified":"2026-04-04T22:27:00","modified_gmt":"2026-04-05T01:27:00","slug":"cellar-cave-promove-noites-de-tapas-e-vinhos-com-chefs-convidados-em-sao-paulo","status":"publish","type":"post","link":"https:\/\/obuxixeiro.com.br\/?p=155464","title":{"rendered":"Cellar Cave promove noites de tapas e vinhos com chefs convidados em S\u00e3o Paulo"},"content":{"rendered":"\n<div>\n<p><strong>Evento re\u00fane nomes da gastronomia em experi\u00eancias com menus especiais e harmoniza\u00e7\u00e3o<\/strong><\/p>\n<p>O espa\u00e7o Cellar Cave, em S\u00e3o Paulo, passou a promover <strong>noites tem\u00e1ticas de tapas e vinhos com participa\u00e7\u00e3o de chefs convidados<\/strong>, reunindo profissionais da gastronomia em eventos voltados \u00e0 experi\u00eancia culin\u00e1ria. A proposta combina menus especiais com harmoniza\u00e7\u00e3o de bebidas em encontros pontuais.<\/p>\n<p>Segundo as informa\u00e7\u00f5es divulgadas, as noites s\u00e3o organizadas com a presen\u00e7a de diferentes chefs, que elaboram pratos em formato de tapas, acompanhados por sele\u00e7\u00e3o de vinhos. A iniciativa busca oferecer ao p\u00fablico <strong>experi\u00eancias gastron\u00f4micas diferenciadas<\/strong>, com foco na combina\u00e7\u00e3o entre culin\u00e1ria e enologia.<\/p>\n<p>A programa\u00e7\u00e3o re\u00fane nomes do setor em eventos que exploram t\u00e9cnicas, sabores e propostas autorais, inserindo o espa\u00e7o na agenda de experi\u00eancias gastron\u00f4micas da cidade. As edi\u00e7\u00f5es ocorrem de forma peri\u00f3dica, com varia\u00e7\u00e3o de participantes e menus.<\/p>\n<p><strong>HostingPRESS Ag\u00eancia de Not\u00edcias de S\u00e3o Paulo<\/strong><br \/>Conte\u00fado distribu\u00eddo por nossa Central de Jornalismo<br \/>Reprodu\u00e7\u00e3o autorizada mediante cr\u00e9dito da fonte<\/p>\n<p>Portal criado para conectar os leitores da regi\u00e3o ao melhor conte\u00fado<\/p>\n<p>Somos l\u00edderes de audi\u00eancia local. Somos sociais.\u00a0Conecte-se conosco.<\/p>\n<\/p><\/div>\n<section>  \t<img alt=\"Avatar photo\" src=\"https:\/\/hostingpress.com.br\/wp-content\/uploads\/2026\/03\/cropped-Divilgacao-95x95.jpeg\"  height=\"95\" width=\"95\" decoding=\"async\">\t \t<\/p>\n<div>\n<p>Vinicius Moror\u00f3<\/p>\n<p>Editor-Executivo-Regional | Jornalista | Diretor Editorial    Editor-Executivo-Regional da HostingPress Ag\u00eancia de Not\u00edcias de S\u00e3o Paulo, com atua\u00e7\u00e3o voltada \u00e0 coordena\u00e7\u00e3o editorial regional, articula\u00e7\u00e3o com ve\u00edculos parceiros e fortalecimento da distribui\u00e7\u00e3o de conte\u00fado jornal\u00edstico no Estado de S\u00e3o Paulo.      Editor-chefe do Jornal Impacto Cotia, com foco em jornalismo investigativo, interesse p\u00fablico e an\u00e1lise cr\u00edtica de temas pol\u00edticos, sociais e institucionais.<\/p>\n<\/p><\/div>\n<\/section>\n","protected":false},"excerpt":{"rendered":"<p>Evento re\u00fane nomes da gastronomia em experi\u00eancias com menus especiais e harmoniza\u00e7\u00e3o O espa\u00e7o Cellar Cave, em S\u00e3o Paulo, passou a promover noites tem\u00e1ticas de tapas e vinhos com participa\u00e7\u00e3o de chefs convidados, reunindo profissionais da gastronomia em eventos voltados \u00e0 experi\u00eancia culin\u00e1ria. A proposta combina menus especiais com harmoniza\u00e7\u00e3o de bebidas em encontros pontuais.<\/p>\n","protected":false},"author":808,"featured_media":155465,"comment_status":"closed","ping_status":"closed","sticky":false,"template":"","format":"standard","meta":{"footnotes":""},"categories":[59,1],"tags":[],"class_list":{"0":"post-155464","1":"post","2":"type-post","3":"status-publish","4":"format-standard","5":"has-post-thumbnail","7":"category-bairros","8":"category-todas-noticias"},"_links":{"self":[{"href":"https:\/\/obuxixeiro.com.br\/index.php?rest_route=\/wp\/v2\/posts\/155464","targetHints":{"allow":["GET"]}}],"collection":[{"href":"https:\/\/obuxixeiro.com.br\/index.php?rest_route=\/wp\/v2\/posts"}],"about":[{"href":"https:\/\/obuxixeiro.com.br\/index.php?rest_route=\/wp\/v2\/types\/post"}],"author":[{"embeddable":true,"href":"https:\/\/obuxixeiro.com.br\/index.php?rest_route=\/wp\/v2\/users\/808"}],"replies":[{"embeddable":true,"href":"https:\/\/obuxixeiro.com.br\/index.php?rest_route=%2Fwp%2Fv2%2Fcomments&post=155464"}],"version-history":[{"count":0,"href":"https:\/\/obuxixeiro.com.br\/index.php?rest_route=\/wp\/v2\/posts\/155464\/revisions"}],"wp:featuredmedia":[{"embeddable":true,"href":"https:\/\/obuxixeiro.com.br\/index.php?rest_route=\/wp\/v2\/media\/155465"}],"wp:attachment":[{"href":"https:\/\/obuxixeiro.com.br\/index.php?rest_route=%2Fwp%2Fv2%2Fmedia&parent=155464"}],"wp:term":[{"taxonomy":"category","embeddable":true,"href":"https:\/\/obuxixeiro.com.br\/index.php?rest_route=%2Fwp%2Fv2%2Fcategories&post=155464"},{"taxonomy":"post_tag","embeddable":true,"href":"https:\/\/obuxixeiro.com.br\/index.php?rest_route=%2Fwp%2Fv2%2Ftags&post=155464"}],"curies":[{"name":"wp","href":"https:\/\/api.w.org\/{rel}","templated":true}]}}