{"id":155466,"date":"2026-04-09T01:57:00","date_gmt":"2026-04-09T04:57:00","guid":{"rendered":"https:\/\/obuxixeiro.com.br\/2026\/04\/09\/marcha-indigena-em-brasilia-pressiona-governo-por-demarcacao-de-terras\/"},"modified":"2026-04-09T01:57:00","modified_gmt":"2026-04-09T04:57:00","slug":"marcha-indigena-em-brasilia-pressiona-governo-por-demarcacao-de-terras","status":"publish","type":"post","link":"https:\/\/obuxixeiro.com.br\/?p=155466","title":{"rendered":"Marcha ind\u00edgena em Bras\u00edlia pressiona governo por demarca\u00e7\u00e3o de terras"},"content":{"rendered":"\n<div>\n<p><strong>Ato re\u00fane lideran\u00e7as no Acampamento Terra Livre e cobra decis\u00f5es pendentes do governo federal<\/strong><\/p>\n<p>Ind\u00edgenas de diversas regi\u00f5es do pa\u00eds realizam nesta <strong>quinta-feira (9)<\/strong> uma mobiliza\u00e7\u00e3o em Bras\u00edlia para cobrar avan\u00e7os na demarca\u00e7\u00e3o de terras. A manifesta\u00e7\u00e3o faz parte do Acampamento Terra Livre 2026, que re\u00fane representantes de diferentes povos ao longo da semana.<\/p>\n<p>O ato est\u00e1 previsto para come\u00e7ar \u00e0s <strong>14h<\/strong>, com percurso pela Esplanada dos Minist\u00e9rios at\u00e9 a Pra\u00e7a dos Tr\u00eas Poderes. Entre as pautas centrais est\u00e3o a conclus\u00e3o de processos de regulariza\u00e7\u00e3o fundi\u00e1ria e a den\u00fancia de conflitos em territ\u00f3rios ind\u00edgenas.<\/p>\n<p><strong>Processos parados<\/strong><\/p>\n<p>Levantamento da Articula\u00e7\u00e3o dos Povos Ind\u00edgenas do Brasil aponta que <strong>76 Terras Ind\u00edgenas<\/strong> j\u00e1 conclu\u00edram etapas t\u00e9cnicas e aguardam homologa\u00e7\u00e3o presidencial. Outras <strong>34 \u00e1reas<\/strong> ainda dependem de atos administrativos do Minist\u00e9rio da Justi\u00e7a para avan\u00e7ar.<\/p>\n<p>Segundo a entidade, a demora nesses procedimentos mant\u00e9m comunidades em situa\u00e7\u00e3o de vulnerabilidade, com registros de invas\u00f5es e disputas por terra.<\/p>\n<p><strong>Viol\u00eancia nos territ\u00f3rios<\/strong><\/p>\n<p>A mobiliza\u00e7\u00e3o tamb\u00e9m inclui homenagens a lideran\u00e7as ind\u00edgenas mortas em conflitos fundi\u00e1rios nos \u00faltimos anos, com casos registrados em estados como Bahia e Maranh\u00e3o.<\/p>\n<p>Os epis\u00f3dios s\u00e3o citados como exemplo da persist\u00eancia da viol\u00eancia em \u00e1reas ind\u00edgenas e da aus\u00eancia de solu\u00e7\u00e3o para parte dos conflitos.<\/p>\n<p><strong>Press\u00e3o pol\u00edtica<\/strong><\/p>\n<p>O Acampamento Terra Livre \u00e9 considerado uma das principais mobiliza\u00e7\u00f5es ind\u00edgenas do pa\u00eds e ocorre anualmente na capital federal. Em <strong>2026<\/strong>, o encontro tem como tema \u201cNosso futuro n\u00e3o est\u00e1 \u00e0 venda: a resposta somos n\u00f3s\u201d.<\/p>\n<p>Durante o evento, lideran\u00e7as t\u00eam defendido maior prioridade para a agenda de demarca\u00e7\u00e3o de terras no governo federal.<\/p>\n<p><strong>Servi\u00e7o<\/strong><\/p>\n<p><strong>Marcha ind\u00edgena Acampamento Terra Livre 2026<\/strong><br \/>Data: <strong>9 de abril (quinta-feira)<\/strong> | Hor\u00e1rio: <strong>14h<\/strong><br \/>Local: Bras\u00edlia<br \/>Percurso: Esplanada dos Minist\u00e9rios \u2192 Pra\u00e7a dos Tr\u00eas Poderes<\/p>\n<p><strong>Apoio ao movimento:<\/strong><br \/>www.apiboficial.org\/apoie\/<\/p>\n<\/p><\/div>\n<section>  \t<img alt=\"Avatar photo\" src=\"https:\/\/hostingpress.com.br\/wp-content\/uploads\/2026\/03\/cropped-Divilgacao-95x95.jpeg\"  height=\"95\" width=\"95\" decoding=\"async\">\t \t<\/p>\n<div>\n<p>Vinicius Moror\u00f3<\/p>\n<p>Editor-Executivo-Regional | Jornalista | Diretor Editorial    Editor-Executivo-Regional da HostingPress Ag\u00eancia de Not\u00edcias de S\u00e3o Paulo, com atua\u00e7\u00e3o voltada \u00e0 coordena\u00e7\u00e3o editorial regional, articula\u00e7\u00e3o com ve\u00edculos parceiros e fortalecimento da distribui\u00e7\u00e3o de conte\u00fado jornal\u00edstico no Estado de S\u00e3o Paulo.      Editor-chefe do Jornal Impacto Cotia, com foco em jornalismo investigativo, interesse p\u00fablico e an\u00e1lise cr\u00edtica de temas pol\u00edticos, sociais e institucionais.<\/p>\n<\/p><\/div>\n<\/section>\n","protected":false},"excerpt":{"rendered":"<p>Ato re\u00fane lideran\u00e7as no Acampamento Terra Livre e cobra decis\u00f5es pendentes do governo federal Ind\u00edgenas de diversas regi\u00f5es do pa\u00eds realizam nesta quinta-feira (9) uma mobiliza\u00e7\u00e3o em Bras\u00edlia para cobrar avan\u00e7os na demarca\u00e7\u00e3o de terras. A manifesta\u00e7\u00e3o faz parte do Acampamento Terra Livre 2026, que re\u00fane representantes de diferentes povos ao longo da semana. O<\/p>\n","protected":false},"author":808,"featured_media":155467,"comment_status":"closed","ping_status":"closed","sticky":false,"template":"","format":"standard","meta":{"footnotes":""},"categories":[60,1],"tags":[],"class_list":{"0":"post-155466","1":"post","2":"type-post","3":"status-publish","4":"format-standard","5":"has-post-thumbnail","7":"category-governo","8":"category-todas-noticias"},"_links":{"self":[{"href":"https:\/\/obuxixeiro.com.br\/index.php?rest_route=\/wp\/v2\/posts\/155466","targetHints":{"allow":["GET"]}}],"collection":[{"href":"https:\/\/obuxixeiro.com.br\/index.php?rest_route=\/wp\/v2\/posts"}],"about":[{"href":"https:\/\/obuxixeiro.com.br\/index.php?rest_route=\/wp\/v2\/types\/post"}],"author":[{"embeddable":true,"href":"https:\/\/obuxixeiro.com.br\/index.php?rest_route=\/wp\/v2\/users\/808"}],"replies":[{"embeddable":true,"href":"https:\/\/obuxixeiro.com.br\/index.php?rest_route=%2Fwp%2Fv2%2Fcomments&post=155466"}],"version-history":[{"count":0,"href":"https:\/\/obuxixeiro.com.br\/index.php?rest_route=\/wp\/v2\/posts\/155466\/revisions"}],"wp:featuredmedia":[{"embeddable":true,"href":"https:\/\/obuxixeiro.com.br\/index.php?rest_route=\/wp\/v2\/media\/155467"}],"wp:attachment":[{"href":"https:\/\/obuxixeiro.com.br\/index.php?rest_route=%2Fwp%2Fv2%2Fmedia&parent=155466"}],"wp:term":[{"taxonomy":"category","embeddable":true,"href":"https:\/\/obuxixeiro.com.br\/index.php?rest_route=%2Fwp%2Fv2%2Fcategories&post=155466"},{"taxonomy":"post_tag","embeddable":true,"href":"https:\/\/obuxixeiro.com.br\/index.php?rest_route=%2Fwp%2Fv2%2Ftags&post=155466"}],"curies":[{"name":"wp","href":"https:\/\/api.w.org\/{rel}","templated":true}]}}