{"id":155468,"date":"2026-04-11T23:45:00","date_gmt":"2026-04-12T02:45:00","guid":{"rendered":"https:\/\/obuxixeiro.com.br\/2026\/04\/11\/gcm-mata-entregador-de-aplicativo-durante-ocorrencia-na-zona-sul-de-sp\/"},"modified":"2026-04-11T23:45:00","modified_gmt":"2026-04-12T02:45:00","slug":"gcm-mata-entregador-de-aplicativo-durante-ocorrencia-na-zona-sul-de-sp","status":"publish","type":"post","link":"https:\/\/obuxixeiro.com.br\/?p=155468","title":{"rendered":"GCM mata entregador de aplicativo durante ocorr\u00eancia na zona sul de SP"},"content":{"rendered":"\n<div>\n<p><strong>Caso ocorreu em via p\u00fablica e circunst\u00e2ncias da a\u00e7\u00e3o ser\u00e3o investigadas<\/strong><\/p>\n<p>Um agente da Guarda Civil Metropolitana matou um entregador de aplicativo durante uma ocorr\u00eancia na zona sul de S\u00e3o Paulo. O caso aconteceu em via p\u00fablica e est\u00e1 sendo investigado pelas autoridades.<\/p>\n<p>As circunst\u00e2ncias da abordagem ainda n\u00e3o foram totalmente esclarecidas, e n\u00e3o h\u00e1, at\u00e9 o momento, vers\u00e3o definitiva sobre o que levou ao disparo.<\/p>\n<p><strong>Ocorr\u00eancia<\/strong><\/p>\n<p>Segundo informa\u00e7\u00f5es iniciais, a a\u00e7\u00e3o envolveu uma abordagem que terminou com o uso de arma de fogo por parte do agente. O entregador n\u00e3o resistiu aos ferimentos.<\/p>\n<p><strong>Investiga\u00e7\u00e3o<\/strong><\/p>\n<p>O caso deve ser apurado para esclarecer a din\u00e2mica da ocorr\u00eancia, incluindo a conduta do agente e as circunst\u00e2ncias que levaram ao uso da for\u00e7a.<\/p>\n<p>A morte de um trabalhador durante a\u00e7\u00e3o de seguran\u00e7a p\u00fablica levanta questionamentos sobre protocolos de abordagem e uso da for\u00e7a em \u00e1reas urbanas.<\/p>\n<p><strong>HostingPRESS Ag\u00eancia de Not\u00edcias de S\u00e3o Paulo<\/strong><br \/>Conte\u00fado distribu\u00eddo por nossa Central de Jornalismo<br \/>Reprodu\u00e7\u00e3o autorizada mediante cr\u00e9dito da fonte<\/p>\n<p>Portal criado para conectar os leitores da regi\u00e3o ao melhor conte\u00fado<\/p>\n<p>Somos l\u00edderes de audi\u00eancia local. Somos sociais.\u00a0Conecte-se conosco.<\/p>\n<\/p><\/div>\n<section>  \t<img alt=\"Avatar photo\" src=\"https:\/\/hostingpress.com.br\/wp-content\/uploads\/2026\/03\/cropped-Divilgacao-95x95.jpeg\"  height=\"95\" width=\"95\" decoding=\"async\">\t \t<\/p>\n<div>\n<p>Vinicius Moror\u00f3<\/p>\n<p>Editor-Executivo-Regional | Jornalista | Diretor Editorial    Editor-Executivo-Regional da HostingPress Ag\u00eancia de Not\u00edcias de S\u00e3o Paulo, com atua\u00e7\u00e3o voltada \u00e0 coordena\u00e7\u00e3o editorial regional, articula\u00e7\u00e3o com ve\u00edculos parceiros e fortalecimento da distribui\u00e7\u00e3o de conte\u00fado jornal\u00edstico no Estado de S\u00e3o Paulo.      Editor-chefe do Jornal Impacto Cotia, com foco em jornalismo investigativo, interesse p\u00fablico e an\u00e1lise cr\u00edtica de temas pol\u00edticos, sociais e institucionais.<\/p>\n<\/p><\/div>\n<\/section>\n","protected":false},"excerpt":{"rendered":"<p>Caso ocorreu em via p\u00fablica e circunst\u00e2ncias da a\u00e7\u00e3o ser\u00e3o investigadas Um agente da Guarda Civil Metropolitana matou um entregador de aplicativo durante uma ocorr\u00eancia na zona sul de S\u00e3o Paulo. O caso aconteceu em via p\u00fablica e est\u00e1 sendo investigado pelas autoridades. As circunst\u00e2ncias da abordagem ainda n\u00e3o foram totalmente esclarecidas, e n\u00e3o h\u00e1,<\/p>\n","protected":false},"author":808,"featured_media":155469,"comment_status":"closed","ping_status":"closed","sticky":false,"template":"","format":"standard","meta":{"footnotes":""},"categories":[59,1],"tags":[],"class_list":{"0":"post-155468","1":"post","2":"type-post","3":"status-publish","4":"format-standard","5":"has-post-thumbnail","7":"category-bairros","8":"category-todas-noticias"},"_links":{"self":[{"href":"https:\/\/obuxixeiro.com.br\/index.php?rest_route=\/wp\/v2\/posts\/155468","targetHints":{"allow":["GET"]}}],"collection":[{"href":"https:\/\/obuxixeiro.com.br\/index.php?rest_route=\/wp\/v2\/posts"}],"about":[{"href":"https:\/\/obuxixeiro.com.br\/index.php?rest_route=\/wp\/v2\/types\/post"}],"author":[{"embeddable":true,"href":"https:\/\/obuxixeiro.com.br\/index.php?rest_route=\/wp\/v2\/users\/808"}],"replies":[{"embeddable":true,"href":"https:\/\/obuxixeiro.com.br\/index.php?rest_route=%2Fwp%2Fv2%2Fcomments&post=155468"}],"version-history":[{"count":0,"href":"https:\/\/obuxixeiro.com.br\/index.php?rest_route=\/wp\/v2\/posts\/155468\/revisions"}],"wp:featuredmedia":[{"embeddable":true,"href":"https:\/\/obuxixeiro.com.br\/index.php?rest_route=\/wp\/v2\/media\/155469"}],"wp:attachment":[{"href":"https:\/\/obuxixeiro.com.br\/index.php?rest_route=%2Fwp%2Fv2%2Fmedia&parent=155468"}],"wp:term":[{"taxonomy":"category","embeddable":true,"href":"https:\/\/obuxixeiro.com.br\/index.php?rest_route=%2Fwp%2Fv2%2Fcategories&post=155468"},{"taxonomy":"post_tag","embeddable":true,"href":"https:\/\/obuxixeiro.com.br\/index.php?rest_route=%2Fwp%2Fv2%2Ftags&post=155468"}],"curies":[{"name":"wp","href":"https:\/\/api.w.org\/{rel}","templated":true}]}}