{"id":155478,"date":"2026-03-13T20:49:00","date_gmt":"2026-03-13T23:49:00","guid":{"rendered":"https:\/\/obuxixeiro.com.br\/2026\/03\/13\/cafe-imprensa-promove-networking-estrategico-entre-empresarios-e-profissionais-da-comunicacao-em-alphaville\/"},"modified":"2026-03-13T20:49:00","modified_gmt":"2026-03-13T23:49:00","slug":"cafe-imprensa-promove-networking-estrategico-entre-empresarios-e-profissionais-da-comunicacao-em-alphaville","status":"publish","type":"post","link":"https:\/\/obuxixeiro.com.br\/?p=155478","title":{"rendered":"Caf\u00e9 Imprensa promove networking estrat\u00e9gico entre empres\u00e1rios e profissionais da comunica\u00e7\u00e3o em Alphaville"},"content":{"rendered":"\n<div>\n<p>A <strong>HostingPress \u2013 Ag\u00eancia de Not\u00edcias de S\u00e3o Paulo<\/strong> realiza no dia <strong>20 de mar\u00e7o de 2026<\/strong> o <strong>Caf\u00e9 Imprensa<\/strong>, um encontro presencial voltado a empres\u00e1rios, assessores de imprensa e profissionais liberais interessados em ampliar conex\u00f5es estrat\u00e9gicas e fortalecer sua presen\u00e7a na m\u00eddia digital.<\/p>\n<p>O evento prop\u00f5e uma tarde de <strong>networking de alto valor<\/strong>, reunindo profissionais que buscam gerar relacionamento qualificado, ampliar visibilidade institucional e fortalecer sua reputa\u00e7\u00e3o de marca.<\/p>\n<p>O encontro ser\u00e1 conduzido por <strong>Thiago Afonso<\/strong>, <strong>Diretor-Executivo da HostingPress \u2013 Ag\u00eancia de Not\u00edcias de S\u00e3o Paulo<\/strong> e <strong>fundador do Portal Infoco<\/strong>, plataforma conectada a uma rede de <strong>mais de 400 portais de not\u00edcias em todo o Brasil<\/strong>.<\/p>\n<p>Durante o Caf\u00e9 Imprensa, os participantes ter\u00e3o a oportunidade de interagir com profissionais da comunica\u00e7\u00e3o e ampliar conex\u00f5es com uma rede que re\u00fane <strong>mais de 50 jornais digitais e portais de not\u00edcias em S\u00e3o Paulo e regi\u00e3o<\/strong>.<\/p>\n<p>O evento foi idealizado para criar um ambiente profissional de troca de experi\u00eancias, gera\u00e7\u00e3o de oportunidades e fortalecimento do relacionamento entre empres\u00e1rios e o ecossistema da imprensa digital.<\/p>\n<p><strong>Informa\u00e7\u00f5es do evento<\/strong><\/p>\n<p>\ud83d\udcc5 <strong>Data:<\/strong> 20 de mar\u00e7o de 2026<br \/>\u23f0 <strong>Hor\u00e1rio:<\/strong> 13h \u00e0s 17h30<br \/>\ud83d\udccd <strong>Local:<\/strong> Alameda Andr\u00f4meda, 723 Alphaville S\u00e3o Paulo<\/p>\n<p>\ud83d\udcbc <strong>Investimento de participa\u00e7\u00e3o:<\/strong> R$ 99 por pessoa<\/p>\n<p>O acesso ao <strong>Caf\u00e9 Imprensa<\/strong> possui um investimento de participa\u00e7\u00e3o destinado \u00e0 organiza\u00e7\u00e3o do encontro e \u00e0 manuten\u00e7\u00e3o de um ambiente profissional de networking entre empres\u00e1rios e profissionais da comunica\u00e7\u00e3o.<\/p>\n<p>\u26a0\ufe0f <strong>Vagas limitadas para garantir networking qualificado entre os participantes.<\/strong><\/p>\n<p><strong>Uma tarde dedicada a conex\u00f5es estrat\u00e9gicas, visibilidade de marca e relacionamento com o ecossistema da imprensa digital.<\/strong><\/p>\n<p><strong>HostingPRESS Ag\u00eancia de Not\u00edcias de S\u00e3o Paulo<\/strong><br \/>Conte\u00fado distribu\u00eddo por nossa Central de Jornalismo<br \/>Reprodu\u00e7\u00e3o autorizada mediante cr\u00e9dito da fonte<\/p>\n<p>Portal criado para conectar os leitores da regi\u00e3o ao melhor conte\u00fado<\/p>\n<p>Somos l\u00edderes de audi\u00eancia local. Somos sociais.\u00a0Conecte-se conosco.<\/p>\n<\/p><\/div>\n<section>  \t<img alt=\"Avatar photo\" src=\"https:\/\/hostingpress.com.br\/wp-content\/uploads\/2026\/03\/cropped-Divilgacao-95x95.jpeg\"  height=\"95\" width=\"95\" decoding=\"async\">\t \t<\/p>\n<div>\n<p>Vinicius Moror\u00f3<\/p>\n<p>Editor-Executivo-Regional | Jornalista | Diretor Editorial    Editor-Executivo-Regional da HostingPress Ag\u00eancia de Not\u00edcias de S\u00e3o Paulo, com atua\u00e7\u00e3o voltada \u00e0 coordena\u00e7\u00e3o editorial regional, articula\u00e7\u00e3o com ve\u00edculos parceiros e fortalecimento da distribui\u00e7\u00e3o de conte\u00fado jornal\u00edstico no Estado de S\u00e3o Paulo.      Editor-chefe do Jornal Impacto Cotia, com foco em jornalismo investigativo, interesse p\u00fablico e an\u00e1lise cr\u00edtica de temas pol\u00edticos, sociais e institucionais.<\/p>\n<\/p><\/div>\n<\/section>\n","protected":false},"excerpt":{"rendered":"<p>A HostingPress \u2013 Ag\u00eancia de Not\u00edcias de S\u00e3o Paulo realiza no dia 20 de mar\u00e7o de 2026 o Caf\u00e9 Imprensa, um encontro presencial voltado a empres\u00e1rios, assessores de imprensa e profissionais liberais interessados em ampliar conex\u00f5es estrat\u00e9gicas e fortalecer sua presen\u00e7a na m\u00eddia digital. O evento prop\u00f5e uma tarde de networking de alto valor, reunindo<\/p>\n","protected":false},"author":808,"featured_media":155479,"comment_status":"closed","ping_status":"closed","sticky":false,"template":"","format":"standard","meta":{"footnotes":""},"categories":[64,1],"tags":[],"class_list":{"0":"post-155478","1":"post","2":"type-post","3":"status-publish","4":"format-standard","5":"has-post-thumbnail","7":"category-negocio-em-destaque","8":"category-todas-noticias"},"_links":{"self":[{"href":"https:\/\/obuxixeiro.com.br\/index.php?rest_route=\/wp\/v2\/posts\/155478","targetHints":{"allow":["GET"]}}],"collection":[{"href":"https:\/\/obuxixeiro.com.br\/index.php?rest_route=\/wp\/v2\/posts"}],"about":[{"href":"https:\/\/obuxixeiro.com.br\/index.php?rest_route=\/wp\/v2\/types\/post"}],"author":[{"embeddable":true,"href":"https:\/\/obuxixeiro.com.br\/index.php?rest_route=\/wp\/v2\/users\/808"}],"replies":[{"embeddable":true,"href":"https:\/\/obuxixeiro.com.br\/index.php?rest_route=%2Fwp%2Fv2%2Fcomments&post=155478"}],"version-history":[{"count":0,"href":"https:\/\/obuxixeiro.com.br\/index.php?rest_route=\/wp\/v2\/posts\/155478\/revisions"}],"wp:featuredmedia":[{"embeddable":true,"href":"https:\/\/obuxixeiro.com.br\/index.php?rest_route=\/wp\/v2\/media\/155479"}],"wp:attachment":[{"href":"https:\/\/obuxixeiro.com.br\/index.php?rest_route=%2Fwp%2Fv2%2Fmedia&parent=155478"}],"wp:term":[{"taxonomy":"category","embeddable":true,"href":"https:\/\/obuxixeiro.com.br\/index.php?rest_route=%2Fwp%2Fv2%2Fcategories&post=155478"},{"taxonomy":"post_tag","embeddable":true,"href":"https:\/\/obuxixeiro.com.br\/index.php?rest_route=%2Fwp%2Fv2%2Ftags&post=155478"}],"curies":[{"name":"wp","href":"https:\/\/api.w.org\/{rel}","templated":true}]}}