{"id":155482,"date":"2026-04-19T01:25:00","date_gmt":"2026-04-19T04:25:00","guid":{"rendered":"https:\/\/obuxixeiro.com.br\/2026\/04\/19\/guia-encontra-onca-em-area-do-interior-de-sp-e-caso-mobiliza-atencao-ambiental\/"},"modified":"2026-04-19T01:25:00","modified_gmt":"2026-04-19T04:25:00","slug":"guia-encontra-onca-em-area-do-interior-de-sp-e-caso-mobiliza-atencao-ambiental","status":"publish","type":"post","link":"https:\/\/obuxixeiro.com.br\/?p=155482","title":{"rendered":"Guia encontra on\u00e7a em \u00e1rea do interior de SP e caso mobiliza aten\u00e7\u00e3o ambiental"},"content":{"rendered":"\n<div>\n<p><strong>Registro ocorreu durante atividade em regi\u00e3o natural e n\u00e3o h\u00e1 relato de ataque<\/strong><\/p>\n<p>Um guia encontrou uma on\u00e7a durante atividade em \u00e1rea do interior do estado de S\u00e3o Paulo. O registro chamou aten\u00e7\u00e3o e foi divulgado como ocorr\u00eancia envolvendo animal silvestre na regi\u00e3o.<\/p>\n<p>De acordo com as informa\u00e7\u00f5es dispon\u00edveis, o encontro ocorreu em ambiente natural. N\u00e3o h\u00e1 relato de ataque ou ferimentos relacionados ao epis\u00f3dio.<\/p>\n<p>A presen\u00e7a de on\u00e7as em \u00e1reas de mata \u00e9 considerada parte do comportamento natural da esp\u00e9cie, que ocupa regi\u00f5es preservadas e, em geral, evita contato com humanos.<\/p>\n<p>Apesar da repercuss\u00e3o, o material n\u00e3o detalha <strong>o local exato do registro, a esp\u00e9cie identificada (on\u00e7a-parda ou pintada) nem se houve acionamento de \u00f3rg\u00e3os ambientais<\/strong>, o que limita a avalia\u00e7\u00e3o da situa\u00e7\u00e3o.<\/p>\n<p>Especialistas costumam orientar que, em casos desse tipo, a recomenda\u00e7\u00e3o \u00e9 evitar aproxima\u00e7\u00e3o e comunicar autoridades ambientais respons\u00e1veis.<\/p>\n<p><strong>HostingPRESS Ag\u00eancia de Not\u00edcias de S\u00e3o Paulo<\/strong><br \/>Conte\u00fado distribu\u00eddo por nossa Central de Jornalismo<br \/>Reprodu\u00e7\u00e3o autorizada mediante cr\u00e9dito da fonte<\/p>\n<p>Portal criado para conectar os leitores da regi\u00e3o ao melhor conte\u00fado<\/p>\n<p>Somos l\u00edderes de audi\u00eancia local. Somos sociais.\u00a0Conecte-se conosco.<\/p>\n<\/p><\/div>\n<section>  \t<img alt=\"Avatar photo\" src=\"https:\/\/hostingpress.com.br\/wp-content\/uploads\/2026\/03\/cropped-Divilgacao-95x95.jpeg\"  height=\"95\" width=\"95\" decoding=\"async\">\t \t<\/p>\n<div>\n<p>Vinicius Moror\u00f3<\/p>\n<p>Editor-Executivo-Regional | Jornalista | Diretor Editorial    Editor-Executivo-Regional da HostingPress Ag\u00eancia de Not\u00edcias de S\u00e3o Paulo, com atua\u00e7\u00e3o voltada \u00e0 coordena\u00e7\u00e3o editorial regional, articula\u00e7\u00e3o com ve\u00edculos parceiros e fortalecimento da distribui\u00e7\u00e3o de conte\u00fado jornal\u00edstico no Estado de S\u00e3o Paulo.      Editor-chefe do Jornal Impacto Cotia, com foco em jornalismo investigativo, interesse p\u00fablico e an\u00e1lise cr\u00edtica de temas pol\u00edticos, sociais e institucionais.<\/p>\n<\/p><\/div>\n<\/section>\n","protected":false},"excerpt":{"rendered":"<p>Registro ocorreu durante atividade em regi\u00e3o natural e n\u00e3o h\u00e1 relato de ataque Um guia encontrou uma on\u00e7a durante atividade em \u00e1rea do interior do estado de S\u00e3o Paulo. O registro chamou aten\u00e7\u00e3o e foi divulgado como ocorr\u00eancia envolvendo animal silvestre na regi\u00e3o. De acordo com as informa\u00e7\u00f5es dispon\u00edveis, o encontro ocorreu em ambiente natural.<\/p>\n","protected":false},"author":808,"featured_media":155483,"comment_status":"closed","ping_status":"closed","sticky":false,"template":"","format":"standard","meta":{"footnotes":""},"categories":[67,1],"tags":[],"class_list":{"0":"post-155482","1":"post","2":"type-post","3":"status-publish","4":"format-standard","5":"has-post-thumbnail","7":"category-meio-ambiente","8":"category-todas-noticias"},"_links":{"self":[{"href":"https:\/\/obuxixeiro.com.br\/index.php?rest_route=\/wp\/v2\/posts\/155482","targetHints":{"allow":["GET"]}}],"collection":[{"href":"https:\/\/obuxixeiro.com.br\/index.php?rest_route=\/wp\/v2\/posts"}],"about":[{"href":"https:\/\/obuxixeiro.com.br\/index.php?rest_route=\/wp\/v2\/types\/post"}],"author":[{"embeddable":true,"href":"https:\/\/obuxixeiro.com.br\/index.php?rest_route=\/wp\/v2\/users\/808"}],"replies":[{"embeddable":true,"href":"https:\/\/obuxixeiro.com.br\/index.php?rest_route=%2Fwp%2Fv2%2Fcomments&post=155482"}],"version-history":[{"count":0,"href":"https:\/\/obuxixeiro.com.br\/index.php?rest_route=\/wp\/v2\/posts\/155482\/revisions"}],"wp:featuredmedia":[{"embeddable":true,"href":"https:\/\/obuxixeiro.com.br\/index.php?rest_route=\/wp\/v2\/media\/155483"}],"wp:attachment":[{"href":"https:\/\/obuxixeiro.com.br\/index.php?rest_route=%2Fwp%2Fv2%2Fmedia&parent=155482"}],"wp:term":[{"taxonomy":"category","embeddable":true,"href":"https:\/\/obuxixeiro.com.br\/index.php?rest_route=%2Fwp%2Fv2%2Fcategories&post=155482"},{"taxonomy":"post_tag","embeddable":true,"href":"https:\/\/obuxixeiro.com.br\/index.php?rest_route=%2Fwp%2Fv2%2Ftags&post=155482"}],"curies":[{"name":"wp","href":"https:\/\/api.w.org\/{rel}","templated":true}]}}