{"id":155484,"date":"2026-04-06T03:34:00","date_gmt":"2026-04-06T06:34:00","guid":{"rendered":"https:\/\/obuxixeiro.com.br\/2026\/04\/06\/sao-paulo-lidera-geracao-de-empregos-no-pais-com-mais-de-3-mil-vagas-por-dia-em-fevereiro\/"},"modified":"2026-04-06T03:34:00","modified_gmt":"2026-04-06T06:34:00","slug":"sao-paulo-lidera-geracao-de-empregos-no-pais-com-mais-de-3-mil-vagas-por-dia-em-fevereiro","status":"publish","type":"post","link":"https:\/\/obuxixeiro.com.br\/?p=155484","title":{"rendered":"S\u00e3o Paulo lidera gera\u00e7\u00e3o de empregos no pa\u00eds com mais de 3 mil vagas por dia em fevereiro"},"content":{"rendered":"\n<div>\n<p><strong>Estado concentra maior volume de postos de trabalho e mant\u00e9m destaque no mercado nacional<\/strong><\/p>\n<p>O Estado de S\u00e3o Paulo liderou a gera\u00e7\u00e3o de empregos no Brasil em fevereiro, com a cria\u00e7\u00e3o de <strong>mais de 3 mil vagas por dia<\/strong>, segundo dados divulgados pelo governo estadual. O resultado refor\u00e7a a posi\u00e7\u00e3o do estado como principal polo de gera\u00e7\u00e3o de postos formais no pa\u00eds.<\/p>\n<p>De acordo com as informa\u00e7\u00f5es oficiais, o desempenho reflete a din\u00e2mica do mercado de trabalho paulista, com destaque para setores que mant\u00eam ritmo de contrata\u00e7\u00e3o. O volume registrado no per\u00edodo contribui para o saldo positivo de empregos formais no estado.<\/p>\n<p>O resultado tamb\u00e9m evidencia a participa\u00e7\u00e3o de S\u00e3o Paulo no cen\u00e1rio nacional, concentrando parte relevante das vagas criadas no pa\u00eds. A movimenta\u00e7\u00e3o do mercado de trabalho est\u00e1 associada a fatores como atividade econ\u00f4mica, demanda por servi\u00e7os e desempenho de diferentes segmentos produtivos.<\/p>\n<p>Os dados integram levantamentos peri\u00f3dicos sobre emprego formal e s\u00e3o utilizados como base para acompanhamento de pol\u00edticas p\u00fablicas e an\u00e1lise do desempenho econ\u00f4mico do estado.<\/p>\n<p><strong>HostingPRESS Ag\u00eancia de Not\u00edcias de S\u00e3o Paulo<\/strong><br \/>Conte\u00fado distribu\u00eddo por nossa Central de Jornalismo<br \/>Reprodu\u00e7\u00e3o autorizada mediante cr\u00e9dito da fonte<\/p>\n<p>Portal criado para conectar os leitores da regi\u00e3o ao melhor conte\u00fado<\/p>\n<p>Somos l\u00edderes de audi\u00eancia local. Somos sociais.\u00a0Conecte-se conosco.<\/p>\n<\/p><\/div>\n<section>  \t<img alt=\"Avatar photo\" src=\"https:\/\/hostingpress.com.br\/wp-content\/uploads\/2026\/03\/cropped-Divilgacao-95x95.jpeg\"  height=\"95\" width=\"95\" decoding=\"async\">\t \t<\/p>\n<div>\n<p>Vinicius Moror\u00f3<\/p>\n<p>Editor-Executivo-Regional | Jornalista | Diretor Editorial    Editor-Executivo-Regional da HostingPress Ag\u00eancia de Not\u00edcias de S\u00e3o Paulo, com atua\u00e7\u00e3o voltada \u00e0 coordena\u00e7\u00e3o editorial regional, articula\u00e7\u00e3o com ve\u00edculos parceiros e fortalecimento da distribui\u00e7\u00e3o de conte\u00fado jornal\u00edstico no Estado de S\u00e3o Paulo.      Editor-chefe do Jornal Impacto Cotia, com foco em jornalismo investigativo, interesse p\u00fablico e an\u00e1lise cr\u00edtica de temas pol\u00edticos, sociais e institucionais.<\/p>\n<\/p><\/div>\n<\/section>\n","protected":false},"excerpt":{"rendered":"<p>Estado concentra maior volume de postos de trabalho e mant\u00e9m destaque no mercado nacional O Estado de S\u00e3o Paulo liderou a gera\u00e7\u00e3o de empregos no Brasil em fevereiro, com a cria\u00e7\u00e3o de mais de 3 mil vagas por dia, segundo dados divulgados pelo governo estadual. O resultado refor\u00e7a a posi\u00e7\u00e3o do estado como principal polo<\/p>\n","protected":false},"author":808,"featured_media":155485,"comment_status":"closed","ping_status":"closed","sticky":false,"template":"","format":"standard","meta":{"footnotes":""},"categories":[65,1],"tags":[],"class_list":{"0":"post-155484","1":"post","2":"type-post","3":"status-publish","4":"format-standard","5":"has-post-thumbnail","7":"category-balcao-de-empregos","8":"category-todas-noticias"},"_links":{"self":[{"href":"https:\/\/obuxixeiro.com.br\/index.php?rest_route=\/wp\/v2\/posts\/155484","targetHints":{"allow":["GET"]}}],"collection":[{"href":"https:\/\/obuxixeiro.com.br\/index.php?rest_route=\/wp\/v2\/posts"}],"about":[{"href":"https:\/\/obuxixeiro.com.br\/index.php?rest_route=\/wp\/v2\/types\/post"}],"author":[{"embeddable":true,"href":"https:\/\/obuxixeiro.com.br\/index.php?rest_route=\/wp\/v2\/users\/808"}],"replies":[{"embeddable":true,"href":"https:\/\/obuxixeiro.com.br\/index.php?rest_route=%2Fwp%2Fv2%2Fcomments&post=155484"}],"version-history":[{"count":0,"href":"https:\/\/obuxixeiro.com.br\/index.php?rest_route=\/wp\/v2\/posts\/155484\/revisions"}],"wp:featuredmedia":[{"embeddable":true,"href":"https:\/\/obuxixeiro.com.br\/index.php?rest_route=\/wp\/v2\/media\/155485"}],"wp:attachment":[{"href":"https:\/\/obuxixeiro.com.br\/index.php?rest_route=%2Fwp%2Fv2%2Fmedia&parent=155484"}],"wp:term":[{"taxonomy":"category","embeddable":true,"href":"https:\/\/obuxixeiro.com.br\/index.php?rest_route=%2Fwp%2Fv2%2Fcategories&post=155484"},{"taxonomy":"post_tag","embeddable":true,"href":"https:\/\/obuxixeiro.com.br\/index.php?rest_route=%2Fwp%2Fv2%2Ftags&post=155484"}],"curies":[{"name":"wp","href":"https:\/\/api.w.org\/{rel}","templated":true}]}}