{"id":155491,"date":"2026-04-18T23:12:00","date_gmt":"2026-04-19T02:12:00","guid":{"rendered":"https:\/\/obuxixeiro.com.br\/2026\/04\/18\/temporal-atinge-litoral-e-interior-de-sp-e-provoca-impactos-em-diferentes-regioes\/"},"modified":"2026-04-18T23:12:00","modified_gmt":"2026-04-19T02:12:00","slug":"temporal-atinge-litoral-e-interior-de-sp-e-provoca-impactos-em-diferentes-regioes","status":"publish","type":"post","link":"https:\/\/obuxixeiro.com.br\/?p=155491","title":{"rendered":"Temporal atinge litoral e interior de SP e provoca impactos em diferentes regi\u00f5es"},"content":{"rendered":"\n<div>\n<p><strong>Chuva forte foi registrada em cidades do estado e causou transtornos pontuais<\/strong><\/p>\n<p>Um temporal atingiu cidades do litoral e do interior do estado de S\u00e3o Paulo, com registro de <strong>chuvas intensas e impactos em diferentes regi\u00f5es<\/strong>.<\/p>\n<p>De acordo com as informa\u00e7\u00f5es iniciais, o volume de chuva provocou transtornos como alagamentos e dificuldades no tr\u00e2nsito em algumas localidades.<\/p>\n<p>As ocorr\u00eancias foram registradas em cidades do litoral e tamb\u00e9m em \u00e1reas do interior, indicando abrang\u00eancia do sistema meteorol\u00f3gico que atuou sobre o estado.<\/p>\n<p>Apesar dos impactos, o material n\u00e3o detalha <strong>quantidade de cidades afetadas, volume de chuva acumulado nem n\u00famero de ocorr\u00eancias registradas<\/strong>, o que limita a dimens\u00e3o exata dos danos.<\/p>\n<p>As autoridades seguem monitorando as condi\u00e7\u00f5es clim\u00e1ticas e a situa\u00e7\u00e3o nas regi\u00f5es atingidas.<\/p>\n<p><strong>HostingPRESS Ag\u00eancia de Not\u00edcias de S\u00e3o Paulo<\/strong><br \/>Conte\u00fado distribu\u00eddo por nossa Central de Jornalismo<br \/>Reprodu\u00e7\u00e3o autorizada mediante cr\u00e9dito da fonte<\/p>\n<p>Portal criado para conectar os leitores da regi\u00e3o ao melhor conte\u00fado<\/p>\n<p>Somos l\u00edderes de audi\u00eancia local. Somos sociais.\u00a0Conecte-se conosco.<\/p>\n<\/p><\/div>\n<section>  \t<img alt=\"Avatar photo\" src=\"https:\/\/hostingpress.com.br\/wp-content\/uploads\/2026\/03\/cropped-Divilgacao-95x95.jpeg\"  height=\"95\" width=\"95\" decoding=\"async\">\t \t<\/p>\n<div>\n<p>Vinicius Moror\u00f3<\/p>\n<p>Editor-Executivo-Regional | Jornalista | Diretor Editorial    Editor-Executivo-Regional da HostingPress Ag\u00eancia de Not\u00edcias de S\u00e3o Paulo, com atua\u00e7\u00e3o voltada \u00e0 coordena\u00e7\u00e3o editorial regional, articula\u00e7\u00e3o com ve\u00edculos parceiros e fortalecimento da distribui\u00e7\u00e3o de conte\u00fado jornal\u00edstico no Estado de S\u00e3o Paulo.      Editor-chefe do Jornal Impacto Cotia, com foco em jornalismo investigativo, interesse p\u00fablico e an\u00e1lise cr\u00edtica de temas pol\u00edticos, sociais e institucionais.<\/p>\n<\/p><\/div>\n<\/section>\n","protected":false},"excerpt":{"rendered":"<p>Chuva forte foi registrada em cidades do estado e causou transtornos pontuais Um temporal atingiu cidades do litoral e do interior do estado de S\u00e3o Paulo, com registro de chuvas intensas e impactos em diferentes regi\u00f5es. De acordo com as informa\u00e7\u00f5es iniciais, o volume de chuva provocou transtornos como alagamentos e dificuldades no tr\u00e2nsito em<\/p>\n","protected":false},"author":808,"featured_media":155494,"comment_status":"closed","ping_status":"closed","sticky":false,"template":"","format":"standard","meta":{"footnotes":""},"categories":[67,1],"tags":[],"class_list":{"0":"post-155491","1":"post","2":"type-post","3":"status-publish","4":"format-standard","5":"has-post-thumbnail","7":"category-meio-ambiente","8":"category-todas-noticias"},"_links":{"self":[{"href":"https:\/\/obuxixeiro.com.br\/index.php?rest_route=\/wp\/v2\/posts\/155491","targetHints":{"allow":["GET"]}}],"collection":[{"href":"https:\/\/obuxixeiro.com.br\/index.php?rest_route=\/wp\/v2\/posts"}],"about":[{"href":"https:\/\/obuxixeiro.com.br\/index.php?rest_route=\/wp\/v2\/types\/post"}],"author":[{"embeddable":true,"href":"https:\/\/obuxixeiro.com.br\/index.php?rest_route=\/wp\/v2\/users\/808"}],"replies":[{"embeddable":true,"href":"https:\/\/obuxixeiro.com.br\/index.php?rest_route=%2Fwp%2Fv2%2Fcomments&post=155491"}],"version-history":[{"count":0,"href":"https:\/\/obuxixeiro.com.br\/index.php?rest_route=\/wp\/v2\/posts\/155491\/revisions"}],"wp:featuredmedia":[{"embeddable":true,"href":"https:\/\/obuxixeiro.com.br\/index.php?rest_route=\/wp\/v2\/media\/155494"}],"wp:attachment":[{"href":"https:\/\/obuxixeiro.com.br\/index.php?rest_route=%2Fwp%2Fv2%2Fmedia&parent=155491"}],"wp:term":[{"taxonomy":"category","embeddable":true,"href":"https:\/\/obuxixeiro.com.br\/index.php?rest_route=%2Fwp%2Fv2%2Fcategories&post=155491"},{"taxonomy":"post_tag","embeddable":true,"href":"https:\/\/obuxixeiro.com.br\/index.php?rest_route=%2Fwp%2Fv2%2Ftags&post=155491"}],"curies":[{"name":"wp","href":"https:\/\/api.w.org\/{rel}","templated":true}]}}