{"id":155492,"date":"2026-04-06T03:22:00","date_gmt":"2026-04-06T06:22:00","guid":{"rendered":"https:\/\/obuxixeiro.com.br\/2026\/04\/06\/mp-de-sao-paulo-recua-de-acao-contra-monark-por-fala-sobre-nazismo-em-podcast\/"},"modified":"2026-04-06T03:22:00","modified_gmt":"2026-04-06T06:22:00","slug":"mp-de-sao-paulo-recua-de-acao-contra-monark-por-fala-sobre-nazismo-em-podcast","status":"publish","type":"post","link":"https:\/\/obuxixeiro.com.br\/?p=155492","title":{"rendered":"MP de S\u00e3o Paulo recua de a\u00e7\u00e3o contra Monark por fala sobre nazismo em podcast"},"content":{"rendered":"\n<div>\n<p><strong>\u00d3rg\u00e3o decide n\u00e3o prosseguir com medida judicial ap\u00f3s an\u00e1lise do caso<\/strong><\/p>\n<p>O Minist\u00e9rio P\u00fablico de S\u00e3o Paulo (MP-SP) decidiu <strong>recuar da a\u00e7\u00e3o contra o influenciador Monark<\/strong> relacionada a declara\u00e7\u00f5es feitas sobre nazismo durante participa\u00e7\u00e3o em um podcast. A decis\u00e3o ocorre ap\u00f3s an\u00e1lise do conte\u00fado e dos elementos envolvidos no caso.<\/p>\n<p>Segundo as informa\u00e7\u00f5es divulgadas, o \u00f3rg\u00e3o avaliou o contexto das falas e optou por <strong>n\u00e3o dar continuidade \u00e0 medida judicial<\/strong>, encerrando o andamento da a\u00e7\u00e3o proposta anteriormente. O epis\u00f3dio havia gerado repercuss\u00e3o e debate p\u00fablico sobre os limites da liberdade de express\u00e3o.<\/p>\n<p>O caso envolvia declara\u00e7\u00f5es feitas durante transmiss\u00e3o digital, que foram analisadas pelas autoridades competentes. Com a decis\u00e3o, o MP-SP n\u00e3o seguir\u00e1 com a a\u00e7\u00e3o no \u00e2mbito judicial, conforme os crit\u00e9rios adotados na avalia\u00e7\u00e3o.<\/p>\n<p><strong>HostingPRESS Ag\u00eancia de Not\u00edcias de S\u00e3o Paulo<\/strong><br \/>Conte\u00fado distribu\u00eddo por nossa Central de Jornalismo<br \/>Reprodu\u00e7\u00e3o autorizada mediante cr\u00e9dito da fonte<\/p>\n<p>Portal criado para conectar os leitores da regi\u00e3o ao melhor conte\u00fado<\/p>\n<p>Somos l\u00edderes de audi\u00eancia local. Somos sociais.\u00a0Conecte-se conosco.<\/p>\n<\/p><\/div>\n<section>  \t<img alt=\"Avatar photo\" src=\"https:\/\/hostingpress.com.br\/wp-content\/uploads\/2026\/03\/cropped-Divilgacao-95x95.jpeg\"  height=\"95\" width=\"95\" decoding=\"async\">\t \t<\/p>\n<div>\n<p>Vinicius Moror\u00f3<\/p>\n<p>Editor-Executivo-Regional | Jornalista | Diretor Editorial    Editor-Executivo-Regional da HostingPress Ag\u00eancia de Not\u00edcias de S\u00e3o Paulo, com atua\u00e7\u00e3o voltada \u00e0 coordena\u00e7\u00e3o editorial regional, articula\u00e7\u00e3o com ve\u00edculos parceiros e fortalecimento da distribui\u00e7\u00e3o de conte\u00fado jornal\u00edstico no Estado de S\u00e3o Paulo.      Editor-chefe do Jornal Impacto Cotia, com foco em jornalismo investigativo, interesse p\u00fablico e an\u00e1lise cr\u00edtica de temas pol\u00edticos, sociais e institucionais.<\/p>\n<\/p><\/div>\n<\/section>\n","protected":false},"excerpt":{"rendered":"<p>\u00d3rg\u00e3o decide n\u00e3o prosseguir com medida judicial ap\u00f3s an\u00e1lise do caso O Minist\u00e9rio P\u00fablico de S\u00e3o Paulo (MP-SP) decidiu recuar da a\u00e7\u00e3o contra o influenciador Monark relacionada a declara\u00e7\u00f5es feitas sobre nazismo durante participa\u00e7\u00e3o em um podcast. A decis\u00e3o ocorre ap\u00f3s an\u00e1lise do conte\u00fado e dos elementos envolvidos no caso. Segundo as informa\u00e7\u00f5es divulgadas, o<\/p>\n","protected":false},"author":808,"featured_media":155495,"comment_status":"closed","ping_status":"closed","sticky":false,"template":"","format":"standard","meta":{"footnotes":""},"categories":[69,1],"tags":[],"class_list":{"0":"post-155492","1":"post","2":"type-post","3":"status-publish","4":"format-standard","5":"has-post-thumbnail","7":"category-entretenimento","8":"category-todas-noticias"},"_links":{"self":[{"href":"https:\/\/obuxixeiro.com.br\/index.php?rest_route=\/wp\/v2\/posts\/155492","targetHints":{"allow":["GET"]}}],"collection":[{"href":"https:\/\/obuxixeiro.com.br\/index.php?rest_route=\/wp\/v2\/posts"}],"about":[{"href":"https:\/\/obuxixeiro.com.br\/index.php?rest_route=\/wp\/v2\/types\/post"}],"author":[{"embeddable":true,"href":"https:\/\/obuxixeiro.com.br\/index.php?rest_route=\/wp\/v2\/users\/808"}],"replies":[{"embeddable":true,"href":"https:\/\/obuxixeiro.com.br\/index.php?rest_route=%2Fwp%2Fv2%2Fcomments&post=155492"}],"version-history":[{"count":0,"href":"https:\/\/obuxixeiro.com.br\/index.php?rest_route=\/wp\/v2\/posts\/155492\/revisions"}],"wp:featuredmedia":[{"embeddable":true,"href":"https:\/\/obuxixeiro.com.br\/index.php?rest_route=\/wp\/v2\/media\/155495"}],"wp:attachment":[{"href":"https:\/\/obuxixeiro.com.br\/index.php?rest_route=%2Fwp%2Fv2%2Fmedia&parent=155492"}],"wp:term":[{"taxonomy":"category","embeddable":true,"href":"https:\/\/obuxixeiro.com.br\/index.php?rest_route=%2Fwp%2Fv2%2Fcategories&post=155492"},{"taxonomy":"post_tag","embeddable":true,"href":"https:\/\/obuxixeiro.com.br\/index.php?rest_route=%2Fwp%2Fv2%2Ftags&post=155492"}],"curies":[{"name":"wp","href":"https:\/\/api.w.org\/{rel}","templated":true}]}}