{"id":155498,"date":"2026-04-04T00:04:00","date_gmt":"2026-04-04T03:04:00","guid":{"rendered":"https:\/\/obuxixeiro.com.br\/2026\/04\/04\/estudo-da-fundacao-seade-aponta-perfil-empreendedor-consolidado-em-sao-paulo\/"},"modified":"2026-04-04T00:04:00","modified_gmt":"2026-04-04T03:04:00","slug":"estudo-da-fundacao-seade-aponta-perfil-empreendedor-consolidado-em-sao-paulo","status":"publish","type":"post","link":"https:\/\/obuxixeiro.com.br\/?p=155498","title":{"rendered":"Estudo da Funda\u00e7\u00e3o Seade aponta perfil empreendedor consolidado em S\u00e3o Paulo"},"content":{"rendered":"\n<div>\n<p><strong>Levantamento indica caracter\u00edsticas e tend\u00eancias do empreendedorismo no estado<\/strong><\/p>\n<p>Um estudo da Funda\u00e7\u00e3o Seade indica que o estado de S\u00e3o Paulo mant\u00e9m <strong>perfil empreendedor consolidado<\/strong>, com presen\u00e7a significativa de iniciativas voltadas \u00e0 cria\u00e7\u00e3o de neg\u00f3cios e gera\u00e7\u00e3o de renda.<\/p>\n<p>Segundo os dados divulgados, o levantamento analisa caracter\u00edsticas da atividade econ\u00f4mica e identifica padr\u00f5es associados ao comportamento empreendedor, incluindo <strong>diversifica\u00e7\u00e3o de setores e participa\u00e7\u00e3o relevante no mercado de trabalho<\/strong>.<\/p>\n<p>O estudo aponta que o ambiente econ\u00f4mico paulista re\u00fane fatores que favorecem o empreendedorismo, como estrutura produtiva diversificada e concentra\u00e7\u00e3o de oportunidades. Esses elementos contribuem para a <strong>forma\u00e7\u00e3o e manuten\u00e7\u00e3o de neg\u00f3cios em diferentes \u00e1reas<\/strong>.<\/p>\n<p>A an\u00e1lise tamb\u00e9m considera aspectos relacionados ao perfil dos empreendedores, com base em indicadores que ajudam a compreender a din\u00e2mica do mercado no estado. Os dados refor\u00e7am a posi\u00e7\u00e3o de S\u00e3o Paulo como um dos principais polos de atividade econ\u00f4mica do pa\u00eds.<\/p>\n<p>A pesquisa integra iniciativas de monitoramento e produ\u00e7\u00e3o de dados voltadas ao planejamento de pol\u00edticas p\u00fablicas e ao acompanhamento do cen\u00e1rio econ\u00f4mico estadual.<\/p>\n<p><strong>HostingPRESS Ag\u00eancia de Not\u00edcias de S\u00e3o Paulo<\/strong><br \/>Conte\u00fado distribu\u00eddo por nossa Central de Jornalismo<br \/>Reprodu\u00e7\u00e3o autorizada mediante cr\u00e9dito da fonte<\/p>\n<p>Portal criado para conectar os leitores da regi\u00e3o ao melhor conte\u00fado<\/p>\n<p>Somos l\u00edderes de audi\u00eancia local. Somos sociais.\u00a0Conecte-se conosco.<\/p>\n<\/p><\/div>\n<section>  \t<img alt=\"Avatar photo\" src=\"https:\/\/hostingpress.com.br\/wp-content\/uploads\/2026\/03\/cropped-Divilgacao-95x95.jpeg\"  height=\"95\" width=\"95\" decoding=\"async\">\t \t<\/p>\n<div>\n<p>Vinicius Moror\u00f3<\/p>\n<p>Editor-Executivo-Regional | Jornalista | Diretor Editorial    Editor-Executivo-Regional da HostingPress Ag\u00eancia de Not\u00edcias de S\u00e3o Paulo, com atua\u00e7\u00e3o voltada \u00e0 coordena\u00e7\u00e3o editorial regional, articula\u00e7\u00e3o com ve\u00edculos parceiros e fortalecimento da distribui\u00e7\u00e3o de conte\u00fado jornal\u00edstico no Estado de S\u00e3o Paulo.      Editor-chefe do Jornal Impacto Cotia, com foco em jornalismo investigativo, interesse p\u00fablico e an\u00e1lise cr\u00edtica de temas pol\u00edticos, sociais e institucionais.<\/p>\n<\/p><\/div>\n<\/section>\n","protected":false},"excerpt":{"rendered":"<p>Levantamento indica caracter\u00edsticas e tend\u00eancias do empreendedorismo no estado Um estudo da Funda\u00e7\u00e3o Seade indica que o estado de S\u00e3o Paulo mant\u00e9m perfil empreendedor consolidado, com presen\u00e7a significativa de iniciativas voltadas \u00e0 cria\u00e7\u00e3o de neg\u00f3cios e gera\u00e7\u00e3o de renda. Segundo os dados divulgados, o levantamento analisa caracter\u00edsticas da atividade econ\u00f4mica e identifica padr\u00f5es associados ao<\/p>\n","protected":false},"author":808,"featured_media":155499,"comment_status":"closed","ping_status":"closed","sticky":false,"template":"","format":"standard","meta":{"footnotes":""},"categories":[65,1],"tags":[],"class_list":{"0":"post-155498","1":"post","2":"type-post","3":"status-publish","4":"format-standard","5":"has-post-thumbnail","7":"category-balcao-de-empregos","8":"category-todas-noticias"},"_links":{"self":[{"href":"https:\/\/obuxixeiro.com.br\/index.php?rest_route=\/wp\/v2\/posts\/155498","targetHints":{"allow":["GET"]}}],"collection":[{"href":"https:\/\/obuxixeiro.com.br\/index.php?rest_route=\/wp\/v2\/posts"}],"about":[{"href":"https:\/\/obuxixeiro.com.br\/index.php?rest_route=\/wp\/v2\/types\/post"}],"author":[{"embeddable":true,"href":"https:\/\/obuxixeiro.com.br\/index.php?rest_route=\/wp\/v2\/users\/808"}],"replies":[{"embeddable":true,"href":"https:\/\/obuxixeiro.com.br\/index.php?rest_route=%2Fwp%2Fv2%2Fcomments&post=155498"}],"version-history":[{"count":0,"href":"https:\/\/obuxixeiro.com.br\/index.php?rest_route=\/wp\/v2\/posts\/155498\/revisions"}],"wp:featuredmedia":[{"embeddable":true,"href":"https:\/\/obuxixeiro.com.br\/index.php?rest_route=\/wp\/v2\/media\/155499"}],"wp:attachment":[{"href":"https:\/\/obuxixeiro.com.br\/index.php?rest_route=%2Fwp%2Fv2%2Fmedia&parent=155498"}],"wp:term":[{"taxonomy":"category","embeddable":true,"href":"https:\/\/obuxixeiro.com.br\/index.php?rest_route=%2Fwp%2Fv2%2Fcategories&post=155498"},{"taxonomy":"post_tag","embeddable":true,"href":"https:\/\/obuxixeiro.com.br\/index.php?rest_route=%2Fwp%2Fv2%2Ftags&post=155498"}],"curies":[{"name":"wp","href":"https:\/\/api.w.org\/{rel}","templated":true}]}}