{"id":155502,"date":"2026-04-13T22:50:00","date_gmt":"2026-04-14T01:50:00","guid":{"rendered":"https:\/\/obuxixeiro.com.br\/2026\/04\/13\/previsao-do-tempo-em-sp-para-terca-14-sol-predomina-e-umidade-pode-cair-no-interior\/"},"modified":"2026-04-13T22:50:00","modified_gmt":"2026-04-14T01:50:00","slug":"previsao-do-tempo-em-sp-para-terca-14-sol-predomina-e-umidade-pode-cair-no-interior","status":"publish","type":"post","link":"https:\/\/obuxixeiro.com.br\/?p=155502","title":{"rendered":"Previs\u00e3o do tempo em SP para ter\u00e7a (14): sol predomina e umidade pode cair no interior"},"content":{"rendered":"\n<div>\n<p><strong>Tempo firme marca o dia, com nevoeiro no litoral pela manh\u00e3 e ar seco em regi\u00f5es do interior \u00e0 tarde<\/strong><\/p>\n<p>O estado de S\u00e3o Paulo deve ter <strong>tempo firme nesta ter\u00e7a-feira (14)<\/strong>, com predom\u00ednio de sol desde as primeiras horas do dia. A previs\u00e3o indica <strong>aus\u00eancia de chuva em grande parte do estado<\/strong>, com destaque para dois pontos de aten\u00e7\u00e3o: <strong>forma\u00e7\u00e3o de nevoeiro no litoral no in\u00edcio da manh\u00e3<\/strong> e <strong>queda da umidade relativa do ar no interior durante a tarde<\/strong>.<\/p>\n<p>O dia come\u00e7a com <strong>c\u00e9u aberto e poucas nuvens<\/strong>, condi\u00e7\u00e3o que mant\u00e9m a estabilidade atmosf\u00e9rica logo nas primeiras horas. No entanto, \u00e1reas da faixa litor\u00e2nea podem registrar <strong>nevoeiro ao amanhecer<\/strong>, fen\u00f4meno associado ao <strong>resfriamento da madrugada combinado com a alta umidade<\/strong>. A tend\u00eancia \u00e9 que essa condi\u00e7\u00e3o <strong>se dissipe rapidamente com o aquecimento ao longo do dia<\/strong>.<\/p>\n<p>Durante a tarde, o cen\u00e1rio muda principalmente no interior paulista. Os \u00edndices de <strong>umidade relativa do ar podem ficar abaixo de 30%<\/strong>, n\u00edvel considerado de aten\u00e7\u00e3o. Esse patamar pode provocar <strong>desconforto, especialmente nas horas mais quentes<\/strong>, exigindo cuidados b\u00e1sicos como hidrata\u00e7\u00e3o e redu\u00e7\u00e3o de exposi\u00e7\u00e3o prolongada ao sol.<\/p>\n<p>Na capital paulista, os term\u00f4metros devem variar entre <strong>17\u00b0C e 27\u00b0C<\/strong>, mantendo temperaturas mais amenas no in\u00edcio da manh\u00e3 e \u00e0 noite. J\u00e1 no interior, os valores sobem mais. Em Gua\u00edra, por exemplo, a previs\u00e3o indica <strong>m\u00ednima de 19\u00b0C e m\u00e1xima de at\u00e9 31\u00b0C<\/strong>, com aquecimento gradual ao longo do dia.<\/p>\n<p>O cen\u00e1rio de tempo firme est\u00e1 associado a <strong>condi\u00e7\u00f5es atmosf\u00e9ricas que dificultam a forma\u00e7\u00e3o de nuvens de chuva<\/strong>, mantendo o padr\u00e3o de estabilidade em grande parte do estado.<\/p>\n<p><strong>HostingPRESS Ag\u00eancia de Not\u00edcias de S\u00e3o Paulo<\/strong><br \/>Conte\u00fado distribu\u00eddo por nossa Central de Jornalismo<br \/>Reprodu\u00e7\u00e3o autorizada mediante cr\u00e9dito da fonte<\/p>\n<p>Portal criado para conectar os leitores da regi\u00e3o ao melhor conte\u00fado<\/p>\n<p>Somos l\u00edderes de audi\u00eancia local. Somos sociais.\u00a0Conecte-se conosco.<\/p>\n<\/p><\/div>\n<section>  \t<img alt=\"Avatar photo\" src=\"https:\/\/hostingpress.com.br\/wp-content\/uploads\/2026\/03\/cropped-Divilgacao-95x95.jpeg\"  height=\"95\" width=\"95\" decoding=\"async\">\t \t<\/p>\n<div>\n<p>Vinicius Moror\u00f3<\/p>\n<p>Editor-Executivo-Regional | Jornalista | Diretor Editorial    Editor-Executivo-Regional da HostingPress Ag\u00eancia de Not\u00edcias de S\u00e3o Paulo, com atua\u00e7\u00e3o voltada \u00e0 coordena\u00e7\u00e3o editorial regional, articula\u00e7\u00e3o com ve\u00edculos parceiros e fortalecimento da distribui\u00e7\u00e3o de conte\u00fado jornal\u00edstico no Estado de S\u00e3o Paulo.      Editor-chefe do Jornal Impacto Cotia, com foco em jornalismo investigativo, interesse p\u00fablico e an\u00e1lise cr\u00edtica de temas pol\u00edticos, sociais e institucionais.<\/p>\n<\/p><\/div>\n<\/section>\n","protected":false},"excerpt":{"rendered":"<p>Tempo firme marca o dia, com nevoeiro no litoral pela manh\u00e3 e ar seco em regi\u00f5es do interior \u00e0 tarde O estado de S\u00e3o Paulo deve ter tempo firme nesta ter\u00e7a-feira (14), com predom\u00ednio de sol desde as primeiras horas do dia. A previs\u00e3o indica aus\u00eancia de chuva em grande parte do estado, com destaque<\/p>\n","protected":false},"author":808,"featured_media":155505,"comment_status":"closed","ping_status":"closed","sticky":false,"template":"","format":"standard","meta":{"footnotes":""},"categories":[67,1],"tags":[],"class_list":{"0":"post-155502","1":"post","2":"type-post","3":"status-publish","4":"format-standard","5":"has-post-thumbnail","7":"category-meio-ambiente","8":"category-todas-noticias"},"_links":{"self":[{"href":"https:\/\/obuxixeiro.com.br\/index.php?rest_route=\/wp\/v2\/posts\/155502","targetHints":{"allow":["GET"]}}],"collection":[{"href":"https:\/\/obuxixeiro.com.br\/index.php?rest_route=\/wp\/v2\/posts"}],"about":[{"href":"https:\/\/obuxixeiro.com.br\/index.php?rest_route=\/wp\/v2\/types\/post"}],"author":[{"embeddable":true,"href":"https:\/\/obuxixeiro.com.br\/index.php?rest_route=\/wp\/v2\/users\/808"}],"replies":[{"embeddable":true,"href":"https:\/\/obuxixeiro.com.br\/index.php?rest_route=%2Fwp%2Fv2%2Fcomments&post=155502"}],"version-history":[{"count":0,"href":"https:\/\/obuxixeiro.com.br\/index.php?rest_route=\/wp\/v2\/posts\/155502\/revisions"}],"wp:featuredmedia":[{"embeddable":true,"href":"https:\/\/obuxixeiro.com.br\/index.php?rest_route=\/wp\/v2\/media\/155505"}],"wp:attachment":[{"href":"https:\/\/obuxixeiro.com.br\/index.php?rest_route=%2Fwp%2Fv2%2Fmedia&parent=155502"}],"wp:term":[{"taxonomy":"category","embeddable":true,"href":"https:\/\/obuxixeiro.com.br\/index.php?rest_route=%2Fwp%2Fv2%2Fcategories&post=155502"},{"taxonomy":"post_tag","embeddable":true,"href":"https:\/\/obuxixeiro.com.br\/index.php?rest_route=%2Fwp%2Fv2%2Ftags&post=155502"}],"curies":[{"name":"wp","href":"https:\/\/api.w.org\/{rel}","templated":true}]}}