{"id":155518,"date":"2026-04-09T23:01:00","date_gmt":"2026-04-10T02:01:00","guid":{"rendered":"https:\/\/obuxixeiro.com.br\/2026\/04\/09\/orquestra-jovem-do-estado-se-apresenta-na-sala-sao-paulo-neste-domingo-3\/"},"modified":"2026-04-09T23:01:00","modified_gmt":"2026-04-10T02:01:00","slug":"orquestra-jovem-do-estado-se-apresenta-na-sala-sao-paulo-neste-domingo-3","status":"publish","type":"post","link":"https:\/\/obuxixeiro.com.br\/?p=155518","title":{"rendered":"Orquestra Jovem do Estado se apresenta na Sala S\u00e3o Paulo neste domingo"},"content":{"rendered":"\n<div>\n<p><strong>Concerto re\u00fane obras de compositores brasileiros e internacionais no dia 12 de abril<\/strong><\/p>\n<p>A Orquestra Jovem do Estado de S\u00e3o Paulo realiza neste domingo (<strong>12<\/strong>), \u00e0s <strong>16h<\/strong>, uma apresenta\u00e7\u00e3o na Sala S\u00e3o Paulo, na capital paulista. O concerto integra a temporada de <strong>2026<\/strong> do grupo.<\/p>\n<p>No repert\u00f3rio, est\u00e3o obras do compositor brasileiro Rodrigo Lima, al\u00e9m de pe\u00e7as de Alberto Ginastera e Dmitri Shostakovich.<\/p>\n<p><strong>Temporada 2026<\/strong><\/p>\n<p>A apresenta\u00e7\u00e3o marca o segundo concerto da orquestra neste ano. O grupo integra a Escola de M\u00fasica do Estado de S\u00e3o Paulo e mant\u00e9m programa\u00e7\u00e3o ao longo de <strong>2026<\/strong>.<\/p>\n<p><strong>Forma\u00e7\u00e3o musical e acesso \u00e0 cultura<\/strong><\/p>\n<p>A iniciativa est\u00e1 ligada \u00e0 forma\u00e7\u00e3o de jovens m\u00fasicos e \u00e0 realiza\u00e7\u00e3o de concertos abertos ao p\u00fablico. Segundo a organiza\u00e7\u00e3o, a proposta inclui atividades de qualifica\u00e7\u00e3o profissional e difus\u00e3o cultural.<\/p>\n<p><strong>Servi\u00e7o<\/strong><\/p>\n<p><strong>Orquestra Jovem do Estado de S\u00e3o Paulo<\/strong><br \/>Local: Sala S\u00e3o Paulo<br \/>Endere\u00e7o: Pra\u00e7a J\u00falio Prestes, <strong>16<\/strong><br \/>Data: <strong>12 de abril<\/strong><br \/>Hor\u00e1rio: <strong>16h<\/strong><\/p>\n<p><strong>HostingPRESS Ag\u00eancia de Not\u00edcias de S\u00e3o Paulo<\/strong><br \/>Conte\u00fado distribu\u00eddo por nossa Central de Jornalismo<br \/>Reprodu\u00e7\u00e3o autorizada mediante cr\u00e9dito da fonte<\/p>\n<p>Portal criado para conectar os leitores da regi\u00e3o ao melhor conte\u00fado<\/p>\n<p>Somos l\u00edderes de audi\u00eancia local. Somos sociais.\u00a0Conecte-se conosco.<\/p>\n<\/p><\/div>\n<section>  \t<img alt=\"Avatar photo\" src=\"https:\/\/hostingpress.com.br\/wp-content\/uploads\/2026\/03\/cropped-Divilgacao-95x95.jpeg\"  height=\"95\" width=\"95\" decoding=\"async\">\t \t<\/p>\n<div>\n<p>Vinicius Moror\u00f3<\/p>\n<p>Editor-Executivo-Regional | Jornalista | Diretor Editorial    Editor-Executivo-Regional da HostingPress Ag\u00eancia de Not\u00edcias de S\u00e3o Paulo, com atua\u00e7\u00e3o voltada \u00e0 coordena\u00e7\u00e3o editorial regional, articula\u00e7\u00e3o com ve\u00edculos parceiros e fortalecimento da distribui\u00e7\u00e3o de conte\u00fado jornal\u00edstico no Estado de S\u00e3o Paulo.      Editor-chefe do Jornal Impacto Cotia, com foco em jornalismo investigativo, interesse p\u00fablico e an\u00e1lise cr\u00edtica de temas pol\u00edticos, sociais e institucionais.<\/p>\n<\/p><\/div>\n<\/section>\n","protected":false},"excerpt":{"rendered":"<p>Concerto re\u00fane obras de compositores brasileiros e internacionais no dia 12 de abril A Orquestra Jovem do Estado de S\u00e3o Paulo realiza neste domingo (12), \u00e0s 16h, uma apresenta\u00e7\u00e3o na Sala S\u00e3o Paulo, na capital paulista. O concerto integra a temporada de 2026 do grupo. No repert\u00f3rio, est\u00e3o obras do compositor brasileiro Rodrigo Lima, al\u00e9m<\/p>\n","protected":false},"author":808,"featured_media":155519,"comment_status":"closed","ping_status":"closed","sticky":false,"template":"","format":"standard","meta":{"footnotes":""},"categories":[68,1],"tags":[],"class_list":{"0":"post-155518","1":"post","2":"type-post","3":"status-publish","4":"format-standard","5":"has-post-thumbnail","7":"category-cultura","8":"category-todas-noticias"},"_links":{"self":[{"href":"https:\/\/obuxixeiro.com.br\/index.php?rest_route=\/wp\/v2\/posts\/155518","targetHints":{"allow":["GET"]}}],"collection":[{"href":"https:\/\/obuxixeiro.com.br\/index.php?rest_route=\/wp\/v2\/posts"}],"about":[{"href":"https:\/\/obuxixeiro.com.br\/index.php?rest_route=\/wp\/v2\/types\/post"}],"author":[{"embeddable":true,"href":"https:\/\/obuxixeiro.com.br\/index.php?rest_route=\/wp\/v2\/users\/808"}],"replies":[{"embeddable":true,"href":"https:\/\/obuxixeiro.com.br\/index.php?rest_route=%2Fwp%2Fv2%2Fcomments&post=155518"}],"version-history":[{"count":0,"href":"https:\/\/obuxixeiro.com.br\/index.php?rest_route=\/wp\/v2\/posts\/155518\/revisions"}],"wp:featuredmedia":[{"embeddable":true,"href":"https:\/\/obuxixeiro.com.br\/index.php?rest_route=\/wp\/v2\/media\/155519"}],"wp:attachment":[{"href":"https:\/\/obuxixeiro.com.br\/index.php?rest_route=%2Fwp%2Fv2%2Fmedia&parent=155518"}],"wp:term":[{"taxonomy":"category","embeddable":true,"href":"https:\/\/obuxixeiro.com.br\/index.php?rest_route=%2Fwp%2Fv2%2Fcategories&post=155518"},{"taxonomy":"post_tag","embeddable":true,"href":"https:\/\/obuxixeiro.com.br\/index.php?rest_route=%2Fwp%2Fv2%2Ftags&post=155518"}],"curies":[{"name":"wp","href":"https:\/\/api.w.org\/{rel}","templated":true}]}}