{"id":155521,"date":"2026-03-18T11:07:00","date_gmt":"2026-03-18T14:07:00","guid":{"rendered":"https:\/\/obuxixeiro.com.br\/2026\/03\/18\/violencia-e-inseguranca-assombram-o-parque-do-ibirapuera\/"},"modified":"2026-03-18T11:07:00","modified_gmt":"2026-03-18T14:07:00","slug":"violencia-e-inseguranca-assombram-o-parque-do-ibirapuera","status":"publish","type":"post","link":"https:\/\/obuxixeiro.com.br\/?p=155521","title":{"rendered":"Viol\u00eancia e inseguran\u00e7a assombram o Parque  do Ibirapuera"},"content":{"rendered":"\n<div>\n<p>O Parque do Ibirapuera, concebido sob a \u00e9gide do modernismo e estabelecido como o pulm\u00e3o cultural e ambiental da metr\u00f3pole de S\u00e3o Paulo, atravessa um momento de profunda ambival\u00eancia em sua trajet\u00f3ria hist\u00f3rica. Se por um lado a exuber\u00e2ncia de suas \u00e1reas verdes e a monumentalidade das obras de Oscar Niemeyer continuam a atrair milhares de cidad\u00e3os em busca de lazer e contempla\u00e7\u00e3o, por outro, um v\u00e9u de apreens\u00e3o tem se descortinado sobre seus alamedas e recantos. Relatos recentes de frequentadores, que outrora viam no parque um ref\u00fagio de absoluta paz, agora convergem para uma narrativa inquietante de vulnerabilidade, onde furtos de dispositivos m\u00f3veis, roubos mediante coer\u00e7\u00e3o e epis\u00f3dios de viol\u00eancia f\u00edsica t\u00eam se tornado ocorr\u00eancias desoladoramente habituais. Esta metamorfose no sentimento de seguran\u00e7a p\u00fablica dentro de um dos per\u00edmetros mais vigiados e ic\u00f4nicos da capital paulista n\u00e3o \u00e9 apenas um dado estat\u00edstico isolado, mas o reflexo de uma crise de gest\u00e3o e vigil\u00e2ncia que desafia as autoridades de seguran\u00e7a p\u00fablica e a concession\u00e1ria respons\u00e1vel pela manuten\u00e7\u00e3o do espa\u00e7o. A percep\u00e7\u00e3o de inseguran\u00e7a \u00e9 exacerbada pela vastid\u00e3o territorial do parque, que, embora disponha de c\u00e2meras de monitoramento e rondas motorizadas, parece apresentar pontos cegos e janelas de oportunidade para a a\u00e7\u00e3o de infratores que se aproveitam da densidade do fluxo de pedestres para evadir-se com facilidade.<\/p>\n<p>A an\u00e1lise deste cen\u00e1rio exige um mergulho nas din\u00e2micas sociais que permeiam o entorno do Parque do Ibirapuera e a efic\u00e1cia do policiamento ostensivo realizado pela Guarda Civil Metropolitana e pela Pol\u00edcia Militar do Estado de S\u00e3o Paulo. Frequentadores ass\u00edduos, como corredores que utilizam as pistas nas primeiras horas da manh\u00e3 ou ciclistas que circulam ao entardecer, reportam que a ilumina\u00e7\u00e3o em determinados setores permanece deficit\u00e1ria, criando um ambiente prop\u00edcio para emboscadas. A transi\u00e7\u00e3o da gest\u00e3o direta da Prefeitura de S\u00e3o Paulo para o modelo de concess\u00e3o \u00e0 iniciativa privada, sob a responsabilidade da Urbia, trouxe promessas de revitaliza\u00e7\u00e3o e efici\u00eancia, contudo, o aspecto da seguran\u00e7a parece sofrer com uma fragmenta\u00e7\u00e3o de responsabilidades. Enquanto a seguran\u00e7a patrimonial foca no zelo pelas edifica\u00e7\u00f5es e mobili\u00e1rio urbano, a seguran\u00e7a p\u00fablica, dever estatal inalien\u00e1vel, muitas vezes se v\u00ea limitada pela vastid\u00e3o da \u00e1rea de 158 hectares. Especialistas em urbanismo e seguran\u00e7a p\u00fablica argumentam que a aus\u00eancia de uma integra\u00e7\u00e3o tecnol\u00f3gica plena entre os sistemas de monitoramento do parque e as centrais de intelig\u00eancia das pol\u00edcias contribui para uma resposta morosa diante de delitos flagrantes, permitindo que a sensa\u00e7\u00e3o de impunidade prospere entre as \u00e1rvores centen\u00e1rias.<\/p>\n<p>\u00c9 imperativo considerar, sob uma perspectiva sociol\u00f3gica, que o Parque do Ibirapuera atua como um microcosmo da pr\u00f3pria cidade de S\u00e3o Paulo, onde o contraste entre o alto padr\u00e3o de vida das \u00e1reas adjacentes e as desigualdades estruturais da metr\u00f3pole se encontram. A viol\u00eancia relatada n\u00e3o se restringe apenas ao patrim\u00f4nio material; h\u00e1 relatos de agress\u00f5es verbais e amea\u00e7as que comprometem o bem-estar psicol\u00f3gico dos usu\u00e1rios, transformando o ato de caminhar no parque em um exerc\u00edcio de constante vig\u00edlia. Dados das Secretarias de Seguran\u00e7a P\u00fablica indicam que, embora os \u00edndices de crimes violentos na regi\u00e3o possam sofrer flutua\u00e7\u00f5es, a subnotifica\u00e7\u00e3o \u00e9 um entrave significativo para a compreens\u00e3o da real magnitude do problema. Muitos cidad\u00e3os, por descr\u00e9dito nos mecanismos de recupera\u00e7\u00e3o de bens ou por receio de burocracias processuais, optam por n\u00e3o formalizar o Boletim de Ocorr\u00eancia, o que gera uma distor\u00e7\u00e3o nos mapas de criminalidade que orientam as rondas policiais. Esta lacuna de dados \u00e9 perniciosa, pois impede que o Estado aloque recursos de forma estrat\u00e9gica para mitigar os focos de perigo, deixando a popula\u00e7\u00e3o \u00e0 merc\u00ea de uma sorte estat\u00edstica que, infelizmente, tem falhado com frequ\u00eancia alarmante.<\/p>\n<p>Aprofundando a investiga\u00e7\u00e3o sobre os m\u00e9todos empregados pelos delinquentes, nota-se uma especializa\u00e7\u00e3o no furto de bicicletas de alto valor e smartphones de \u00faltima gera\u00e7\u00e3o, itens de f\u00e1cil liquidez no mercado il\u00edcito. A aud\u00e1cia das abordagens, por vezes ocorrendo \u00e0 luz do dia e em locais de grande circula\u00e7\u00e3o, como as proximidades da Marquise do Ibirapuera ou do Museu de Arte Moderna, denota uma aus\u00eancia de temor perante a vigil\u00e2ncia estabelecida. O impacto informativo desta situa\u00e7\u00e3o \u00e9 real e tang\u00edvel: grupos de frequentadores em redes sociais t\u00eam se organizado para compartilhar alertas em tempo real e rotas consideradas mais seguras, uma forma de autodefesa comunit\u00e1ria que surge diante da percep\u00e7\u00e3o de inefici\u00eancia das institui\u00e7\u00f5es oficiais. Esta organiza\u00e7\u00e3o org\u00e2nica da sociedade civil \u00e9 um term\u00f4metro da urg\u00eancia com que o tema deve ser tratado, exigindo uma reavalia\u00e7\u00e3o dos protocolos de seguran\u00e7a que contemple n\u00e3o apenas a presen\u00e7a f\u00edsica de agentes, mas tamb\u00e9m o uso de intelig\u00eancia artificial para detec\u00e7\u00e3o de comportamentos suspeitos e uma integra\u00e7\u00e3o mais estreita com os comandos de policiamento de \u00e1rea.<\/p>\n<p>Al\u00e9m da quest\u00e3o criminal estrita, a inseguran\u00e7a no Ibirapuera levanta debates sobre o direito \u00e0 cidade e o uso democr\u00e1tico dos espa\u00e7os p\u00fablicos. Quando um parque de tal magnitude \u00e9 percebido como perigoso, a tend\u00eancia natural \u00e9 o esvaziamento de certas \u00e1reas e hor\u00e1rios, o que paradoxalmente atrai ainda mais a criminalidade devido \u00e0 aus\u00eancia de \u201colhos na rua\u201d ou \u201colhos no parque\u201d, conceito cl\u00e1ssico da urbanista Jane Jacobs. A degrada\u00e7\u00e3o da sensa\u00e7\u00e3o de seguran\u00e7a \u00e9 um golpe na qualidade de vida do paulistano, que possui escassas op\u00e7\u00f5es de contato com a natureza em meio ao concreto urbano. Portanto, a resolu\u00e7\u00e3o deste impasse n\u00e3o passa apenas pelo aumento do contingente policial, mas por uma estrat\u00e9gia hol\u00edstica que envolva melhorias cont\u00ednuas na ilumina\u00e7\u00e3o, poda de vegeta\u00e7\u00e3o que obstrui a visibilidade e uma comunica\u00e7\u00e3o transparente entre a concession\u00e1ria e os \u00f3rg\u00e3os de seguran\u00e7a. Somente atrav\u00e9s de uma governan\u00e7a colaborativa e tecnicamente embasada ser\u00e1 poss\u00edvel restituir ao Ibirapuera o seu status de santu\u00e1rio de tranquilidade, garantindo que o lazer n\u00e3o seja ref\u00e9m do medo e que a integridade f\u00edsica do cidad\u00e3o seja respeitada em cada metro quadrado deste patrim\u00f4nio inestim\u00e1vel.<\/p>\n<p>A HostingPress Ag\u00eancia de Not\u00edcias mant\u00e9m-se vigilante e comprometida com a exposi\u00e7\u00e3o clara e erudita dos fatos que impactam o cotidiano da nossa metr\u00f3pole. Acreditamos que o jornalismo de profundidade \u00e9 o alicerce para uma sociedade mais consciente e exigente em rela\u00e7\u00e3o aos seus direitos fundamentais. Convidamos voc\u00ea, leitor atento, a prosseguir em sua jornada de informa\u00e7\u00e3o qualificada acompanhando nossas an\u00e1lises e reportagens exclusivas. O conhecimento \u00e9 a ferramenta mais poderosa para a transforma\u00e7\u00e3o social e a defesa do bem comum. Continue a apreciar e ler as mat\u00e9rias da HostingPress Ag\u00eancia de Not\u00edcias para uma compreens\u00e3o plena e refinada dos acontecimentos que moldam o nosso tempo.<\/p>\n<p>**<\/p>\n<p><em>Marcelo Henrique de Carvalho, editor-chefe<\/em><\/p>\n<p><em>HostingPRESS \u2013 Ag\u00eancia de Not\u00edcias de S\u00e3o Paulo. Conte\u00fado distribu\u00eddo por nossa Central de Jornalismo. Reprodu\u00e7\u00e3o autorizada mediante cr\u00e9dito da fonte.<\/em><\/p>\n<\/p><\/div>\n","protected":false},"excerpt":{"rendered":"<p>O Parque do Ibirapuera, concebido sob a \u00e9gide do modernismo e estabelecido como o pulm\u00e3o cultural e ambiental da metr\u00f3pole de S\u00e3o Paulo, atravessa um momento de profunda ambival\u00eancia em sua trajet\u00f3ria hist\u00f3rica. Se por um lado a exuber\u00e2ncia de suas \u00e1reas verdes e a monumentalidade das obras de Oscar Niemeyer continuam a atrair milhares<\/p>\n","protected":false},"author":811,"featured_media":155524,"comment_status":"closed","ping_status":"closed","sticky":false,"template":"","format":"standard","meta":{"footnotes":""},"categories":[69,1],"tags":[],"class_list":{"0":"post-155521","1":"post","2":"type-post","3":"status-publish","4":"format-standard","5":"has-post-thumbnail","7":"category-entretenimento","8":"category-todas-noticias"},"_links":{"self":[{"href":"https:\/\/obuxixeiro.com.br\/index.php?rest_route=\/wp\/v2\/posts\/155521","targetHints":{"allow":["GET"]}}],"collection":[{"href":"https:\/\/obuxixeiro.com.br\/index.php?rest_route=\/wp\/v2\/posts"}],"about":[{"href":"https:\/\/obuxixeiro.com.br\/index.php?rest_route=\/wp\/v2\/types\/post"}],"author":[{"embeddable":true,"href":"https:\/\/obuxixeiro.com.br\/index.php?rest_route=\/wp\/v2\/users\/811"}],"replies":[{"embeddable":true,"href":"https:\/\/obuxixeiro.com.br\/index.php?rest_route=%2Fwp%2Fv2%2Fcomments&post=155521"}],"version-history":[{"count":0,"href":"https:\/\/obuxixeiro.com.br\/index.php?rest_route=\/wp\/v2\/posts\/155521\/revisions"}],"wp:featuredmedia":[{"embeddable":true,"href":"https:\/\/obuxixeiro.com.br\/index.php?rest_route=\/wp\/v2\/media\/155524"}],"wp:attachment":[{"href":"https:\/\/obuxixeiro.com.br\/index.php?rest_route=%2Fwp%2Fv2%2Fmedia&parent=155521"}],"wp:term":[{"taxonomy":"category","embeddable":true,"href":"https:\/\/obuxixeiro.com.br\/index.php?rest_route=%2Fwp%2Fv2%2Fcategories&post=155521"},{"taxonomy":"post_tag","embeddable":true,"href":"https:\/\/obuxixeiro.com.br\/index.php?rest_route=%2Fwp%2Fv2%2Ftags&post=155521"}],"curies":[{"name":"wp","href":"https:\/\/api.w.org\/{rel}","templated":true}]}}