{"id":155523,"date":"2026-04-09T01:42:00","date_gmt":"2026-04-09T04:42:00","guid":{"rendered":"https:\/\/obuxixeiro.com.br\/2026\/04\/09\/mostra-picadilha-promove-bate-papo-gratuito-sobre-grafite-neste-sabado-em-sp\/"},"modified":"2026-04-09T01:42:00","modified_gmt":"2026-04-09T04:42:00","slug":"mostra-picadilha-promove-bate-papo-gratuito-sobre-grafite-neste-sabado-em-sp","status":"publish","type":"post","link":"https:\/\/obuxixeiro.com.br\/?p=155523","title":{"rendered":"Mostra Picadilha promove bate-papo gratuito sobre grafite neste s\u00e1bado em SP"},"content":{"rendered":"\n<div>\n<p><strong>Encontro acontece na Ch\u00e1cara Lane e discute os rumos da arte urbana com artistas e curador<\/strong><\/p>\n<p>A mostra Picadilha, em cartaz na Ch\u00e1cara Lane, promove neste <strong>s\u00e1bado (11)<\/strong>, \u00e0s <strong>14h<\/strong>, uma roda de conversa gratuita sobre arte urbana. O evento integra a programa\u00e7\u00e3o da exposi\u00e7\u00e3o dedicada aos <strong>25 anos de carreira<\/strong> do artista Thiago Consp.<\/p>\n<p>O encontro, intitulado \u201cArte Urbana e a Cidade\u201d, contar\u00e1 tamb\u00e9m com a participa\u00e7\u00e3o dos artistas Enivo e Mauro Neri, com media\u00e7\u00e3o de Henrique Siqueira, que atua no Museu da Cidade de S\u00e3o Paulo.<\/p>\n<p><strong>Exposi\u00e7\u00e3o re\u00fane obras in\u00e9ditas<\/strong><\/p>\n<p>A mostra apresenta <strong>15 trabalhos in\u00e9ditos<\/strong>, incluindo telas, desenhos, fotografias e registros de interven\u00e7\u00f5es urbanas. As obras exploram a rela\u00e7\u00e3o entre o grafite feito nas ruas e sua presen\u00e7a em espa\u00e7os institucionais, como museus.<\/p>\n<p>A exposi\u00e7\u00e3o segue aberta ao p\u00fablico at\u00e9 <strong>31 de maio<\/strong>, com entrada gratuita.<\/p>\n<p><strong>Debate sobre arte urbana<\/strong><\/p>\n<p>A roda de conversa proposta neste s\u00e1bado busca discutir o papel do grafite na cidade de S\u00e3o Paulo e suas transforma\u00e7\u00f5es ao longo do tempo. A proposta \u00e9 abordar como a arte urbana dialoga com o espa\u00e7o p\u00fablico e com os circuitos culturais formais.<\/p>\n<p>A atividade integra uma s\u00e9rie de a\u00e7\u00f5es voltadas \u00e0 intera\u00e7\u00e3o com o p\u00fablico, incluindo encontros e atividades formativas relacionadas \u00e0 exposi\u00e7\u00e3o.<\/p>\n<p><strong>Servi\u00e7o<\/strong><\/p>\n<p><strong>Mostra Picadilha Thiago Consp<\/strong><br \/>Local: Ch\u00e1cara Lane<br \/>Per\u00edodo: at\u00e9 <strong>31 de maio<\/strong><br \/>Entrada: gratuita<\/p>\n<p><strong>Roda de conversa | Arte Urbana e a Cidade<\/strong><br \/>Data: <strong>11 de abril (s\u00e1bado)<\/strong><br \/>Hor\u00e1rio: <strong>14h<\/strong><br \/>Participantes: Thiago Consp, Enivo e Mauro Neri<br \/>Media\u00e7\u00e3o: Henrique Siqueira<br \/>Entrada: gratuita<\/p>\n<p><strong>HostingPRESS Ag\u00eancia de Not\u00edcias de S\u00e3o Paulo<\/strong><br \/>Conte\u00fado distribu\u00eddo por nossa Central de Jornalismo<br \/>Reprodu\u00e7\u00e3o autorizada mediante cr\u00e9dito da fonte<\/p>\n<p>Portal criado para conectar os leitores da regi\u00e3o ao melhor conte\u00fado<\/p>\n<p>Somos l\u00edderes de audi\u00eancia local. Somos sociais.\u00a0Conecte-se conosco.<\/p>\n<\/p><\/div>\n<section>  \t<img alt=\"Avatar photo\" src=\"https:\/\/hostingpress.com.br\/wp-content\/uploads\/2026\/03\/cropped-Divilgacao-95x95.jpeg\"  height=\"95\" width=\"95\" decoding=\"async\">\t \t<\/p>\n<div>\n<p>Vinicius Moror\u00f3<\/p>\n<p>Editor-Executivo-Regional | Jornalista | Diretor Editorial    Editor-Executivo-Regional da HostingPress Ag\u00eancia de Not\u00edcias de S\u00e3o Paulo, com atua\u00e7\u00e3o voltada \u00e0 coordena\u00e7\u00e3o editorial regional, articula\u00e7\u00e3o com ve\u00edculos parceiros e fortalecimento da distribui\u00e7\u00e3o de conte\u00fado jornal\u00edstico no Estado de S\u00e3o Paulo.      Editor-chefe do Jornal Impacto Cotia, com foco em jornalismo investigativo, interesse p\u00fablico e an\u00e1lise cr\u00edtica de temas pol\u00edticos, sociais e institucionais.<\/p>\n<\/p><\/div>\n<\/section>\n","protected":false},"excerpt":{"rendered":"<p>Encontro acontece na Ch\u00e1cara Lane e discute os rumos da arte urbana com artistas e curador A mostra Picadilha, em cartaz na Ch\u00e1cara Lane, promove neste s\u00e1bado (11), \u00e0s 14h, uma roda de conversa gratuita sobre arte urbana. O evento integra a programa\u00e7\u00e3o da exposi\u00e7\u00e3o dedicada aos 25 anos de carreira do artista Thiago Consp.<\/p>\n","protected":false},"author":808,"featured_media":155528,"comment_status":"closed","ping_status":"closed","sticky":false,"template":"","format":"standard","meta":{"footnotes":""},"categories":[72,1],"tags":[],"class_list":{"0":"post-155523","1":"post","2":"type-post","3":"status-publish","4":"format-standard","5":"has-post-thumbnail","7":"category-feiras-e-exposicoes","8":"category-todas-noticias"},"_links":{"self":[{"href":"https:\/\/obuxixeiro.com.br\/index.php?rest_route=\/wp\/v2\/posts\/155523","targetHints":{"allow":["GET"]}}],"collection":[{"href":"https:\/\/obuxixeiro.com.br\/index.php?rest_route=\/wp\/v2\/posts"}],"about":[{"href":"https:\/\/obuxixeiro.com.br\/index.php?rest_route=\/wp\/v2\/types\/post"}],"author":[{"embeddable":true,"href":"https:\/\/obuxixeiro.com.br\/index.php?rest_route=\/wp\/v2\/users\/808"}],"replies":[{"embeddable":true,"href":"https:\/\/obuxixeiro.com.br\/index.php?rest_route=%2Fwp%2Fv2%2Fcomments&post=155523"}],"version-history":[{"count":0,"href":"https:\/\/obuxixeiro.com.br\/index.php?rest_route=\/wp\/v2\/posts\/155523\/revisions"}],"wp:featuredmedia":[{"embeddable":true,"href":"https:\/\/obuxixeiro.com.br\/index.php?rest_route=\/wp\/v2\/media\/155528"}],"wp:attachment":[{"href":"https:\/\/obuxixeiro.com.br\/index.php?rest_route=%2Fwp%2Fv2%2Fmedia&parent=155523"}],"wp:term":[{"taxonomy":"category","embeddable":true,"href":"https:\/\/obuxixeiro.com.br\/index.php?rest_route=%2Fwp%2Fv2%2Fcategories&post=155523"},{"taxonomy":"post_tag","embeddable":true,"href":"https:\/\/obuxixeiro.com.br\/index.php?rest_route=%2Fwp%2Fv2%2Ftags&post=155523"}],"curies":[{"name":"wp","href":"https:\/\/api.w.org\/{rel}","templated":true}]}}