{"id":155525,"date":"2026-04-04T21:46:00","date_gmt":"2026-04-05T00:46:00","guid":{"rendered":"https:\/\/obuxixeiro.com.br\/2026\/04\/04\/sao-paulo-innovation-week-tera-programacao-voltada-a-musica-e-literatura\/"},"modified":"2026-04-04T21:46:00","modified_gmt":"2026-04-05T00:46:00","slug":"sao-paulo-innovation-week-tera-programacao-voltada-a-musica-e-literatura","status":"publish","type":"post","link":"https:\/\/obuxixeiro.com.br\/?p=155525","title":{"rendered":"S\u00e3o Paulo Innovation Week ter\u00e1 programa\u00e7\u00e3o voltada \u00e0 m\u00fasica e literatura"},"content":{"rendered":"\n<div>\n<p><strong>Evento re\u00fane participantes para debater produ\u00e7\u00e3o cultural e inova\u00e7\u00e3o no setor<\/strong><\/p>\n<p>A edi\u00e7\u00e3o do S\u00e3o Paulo Innovation Week contar\u00e1 com <strong>programa\u00e7\u00e3o dedicada \u00e0 m\u00fasica e \u00e0 literatura<\/strong>, reunindo participantes para discutir tend\u00eancias, produ\u00e7\u00e3o cultural e inova\u00e7\u00e3o nessas \u00e1reas. O evento ocorre na cidade de S\u00e3o Paulo e integra atividades voltadas a diferentes segmentos criativos.<\/p>\n<p>Segundo informa\u00e7\u00f5es divulgadas, a agenda inclui encontros com profissionais e convidados que atuam na cadeia cultural, abordando temas relacionados \u00e0 cria\u00e7\u00e3o art\u00edstica, mercado e transforma\u00e7\u00e3o digital. A proposta \u00e9 conectar experi\u00eancias e promover debates sobre <strong>novas formas de produ\u00e7\u00e3o e circula\u00e7\u00e3o de conte\u00fado cultural<\/strong>.<\/p>\n<p>A programa\u00e7\u00e3o tamb\u00e9m prev\u00ea a participa\u00e7\u00e3o de nomes ligados \u00e0 m\u00fasica e \u00e0 literatura, com atividades que exploram desde processos criativos at\u00e9 estrat\u00e9gias de distribui\u00e7\u00e3o e consumo. O evento integra iniciativas voltadas ao fortalecimento da economia criativa e \u00e0 troca de conhecimento entre diferentes \u00e1reas.<\/p>\n<p>O S\u00e3o Paulo Innovation Week re\u00fane atividades em diversos setores e inclui pain\u00e9is tem\u00e1ticos que abordam a rela\u00e7\u00e3o entre cultura, tecnologia e inova\u00e7\u00e3o, ampliando o debate sobre o papel dessas \u00e1reas no cen\u00e1rio atual.<\/p>\n<p><strong>HostingPRESS Ag\u00eancia de Not\u00edcias de S\u00e3o Paulo<\/strong><br \/>Conte\u00fado distribu\u00eddo por nossa Central de Jornalismo<br \/>Reprodu\u00e7\u00e3o autorizada mediante cr\u00e9dito da fonte<\/p>\n<p>Portal criado para conectar os leitores da regi\u00e3o ao melhor conte\u00fado<\/p>\n<p>Somos l\u00edderes de audi\u00eancia local. Somos sociais.\u00a0Conecte-se conosco.<\/p>\n<\/p><\/div>\n<section>  \t<img alt=\"Avatar photo\" src=\"https:\/\/hostingpress.com.br\/wp-content\/uploads\/2026\/03\/cropped-Divilgacao-95x95.jpeg\"  height=\"95\" width=\"95\" decoding=\"async\">\t \t<\/p>\n<div>\n<p>Vinicius Moror\u00f3<\/p>\n<p>Editor-Executivo-Regional | Jornalista | Diretor Editorial    Editor-Executivo-Regional da HostingPress Ag\u00eancia de Not\u00edcias de S\u00e3o Paulo, com atua\u00e7\u00e3o voltada \u00e0 coordena\u00e7\u00e3o editorial regional, articula\u00e7\u00e3o com ve\u00edculos parceiros e fortalecimento da distribui\u00e7\u00e3o de conte\u00fado jornal\u00edstico no Estado de S\u00e3o Paulo.      Editor-chefe do Jornal Impacto Cotia, com foco em jornalismo investigativo, interesse p\u00fablico e an\u00e1lise cr\u00edtica de temas pol\u00edticos, sociais e institucionais.<\/p>\n<\/p><\/div>\n<\/section>\n","protected":false},"excerpt":{"rendered":"<p>Evento re\u00fane participantes para debater produ\u00e7\u00e3o cultural e inova\u00e7\u00e3o no setor A edi\u00e7\u00e3o do S\u00e3o Paulo Innovation Week contar\u00e1 com programa\u00e7\u00e3o dedicada \u00e0 m\u00fasica e \u00e0 literatura, reunindo participantes para discutir tend\u00eancias, produ\u00e7\u00e3o cultural e inova\u00e7\u00e3o nessas \u00e1reas. O evento ocorre na cidade de S\u00e3o Paulo e integra atividades voltadas a diferentes segmentos criativos. Segundo<\/p>\n","protected":false},"author":808,"featured_media":155529,"comment_status":"closed","ping_status":"closed","sticky":false,"template":"","format":"standard","meta":{"footnotes":""},"categories":[71,1],"tags":[],"class_list":{"0":"post-155525","1":"post","2":"type-post","3":"status-publish","4":"format-standard","5":"has-post-thumbnail","7":"category-shows-e-eventos","8":"category-todas-noticias"},"_links":{"self":[{"href":"https:\/\/obuxixeiro.com.br\/index.php?rest_route=\/wp\/v2\/posts\/155525","targetHints":{"allow":["GET"]}}],"collection":[{"href":"https:\/\/obuxixeiro.com.br\/index.php?rest_route=\/wp\/v2\/posts"}],"about":[{"href":"https:\/\/obuxixeiro.com.br\/index.php?rest_route=\/wp\/v2\/types\/post"}],"author":[{"embeddable":true,"href":"https:\/\/obuxixeiro.com.br\/index.php?rest_route=\/wp\/v2\/users\/808"}],"replies":[{"embeddable":true,"href":"https:\/\/obuxixeiro.com.br\/index.php?rest_route=%2Fwp%2Fv2%2Fcomments&post=155525"}],"version-history":[{"count":0,"href":"https:\/\/obuxixeiro.com.br\/index.php?rest_route=\/wp\/v2\/posts\/155525\/revisions"}],"wp:featuredmedia":[{"embeddable":true,"href":"https:\/\/obuxixeiro.com.br\/index.php?rest_route=\/wp\/v2\/media\/155529"}],"wp:attachment":[{"href":"https:\/\/obuxixeiro.com.br\/index.php?rest_route=%2Fwp%2Fv2%2Fmedia&parent=155525"}],"wp:term":[{"taxonomy":"category","embeddable":true,"href":"https:\/\/obuxixeiro.com.br\/index.php?rest_route=%2Fwp%2Fv2%2Fcategories&post=155525"},{"taxonomy":"post_tag","embeddable":true,"href":"https:\/\/obuxixeiro.com.br\/index.php?rest_route=%2Fwp%2Fv2%2Ftags&post=155525"}],"curies":[{"name":"wp","href":"https:\/\/api.w.org\/{rel}","templated":true}]}}