{"id":155537,"date":"2026-04-14T23:46:00","date_gmt":"2026-04-15T02:46:00","guid":{"rendered":"https:\/\/obuxixeiro.com.br\/2026\/04\/14\/porsche-se-manifesta-sobre-acidentes-com-carros-da-marca-em-sao-paulo\/"},"modified":"2026-04-14T23:46:00","modified_gmt":"2026-04-15T02:46:00","slug":"porsche-se-manifesta-sobre-acidentes-com-carros-da-marca-em-sao-paulo","status":"publish","type":"post","link":"https:\/\/obuxixeiro.com.br\/?p=155537","title":{"rendered":"Porsche se manifesta sobre acidentes com carros da marca em S\u00e3o Paulo"},"content":{"rendered":"\n<div>\n<p><strong>Empresa comenta casos recentes ap\u00f3s repercuss\u00e3o envolvendo ve\u00edculos de alto desempenho<\/strong><\/p>\n<p>A Porsche se manifestou sobre acidentes recentes envolvendo ve\u00edculos da marca em S\u00e3o Paulo, ap\u00f3s epis\u00f3dios que ganharam repercuss\u00e3o nos \u00faltimos dias.<\/p>\n<p>Em nota, a empresa informou que acompanha os casos e destacou a import\u00e2ncia do uso respons\u00e1vel de ve\u00edculos de alto desempenho. A montadora tamb\u00e9m refor\u00e7ou que seus autom\u00f3veis seguem padr\u00f5es t\u00e9cnicos e de seguran\u00e7a exigidos internacionalmente.<\/p>\n<p>Os acidentes envolvendo carros de luxo chamaram aten\u00e7\u00e3o pela pot\u00eancia dos ve\u00edculos e pelas circunst\u00e2ncias em que ocorreram, embora os detalhes espec\u00edficos de cada ocorr\u00eancia n\u00e3o tenham sido completamente divulgados no material.<\/p>\n<p>N\u00e3o h\u00e1, at\u00e9 o momento, indica\u00e7\u00e3o oficial de falha mec\u00e2nica ou responsabilidade da fabricante nos casos citados. As circunst\u00e2ncias dos acidentes seguem sob apura\u00e7\u00e3o pelas autoridades competentes.<\/p>\n<p>Especialistas costumam apontar que ve\u00edculos esportivos exigem maior controle e experi\u00eancia do condutor, devido \u00e0 capacidade de acelera\u00e7\u00e3o e desempenho acima da m\u00e9dia.<\/p>\n<p><strong>HostingPRESS Ag\u00eancia de Not\u00edcias de S\u00e3o Paulo<\/strong><br \/>Conte\u00fado distribu\u00eddo por nossa Central de Jornalismo<br \/>Reprodu\u00e7\u00e3o autorizada mediante cr\u00e9dito da fonte<\/p>\n<p>Portal criado para conectar os leitores da regi\u00e3o ao melhor conte\u00fado<\/p>\n<p>Somos l\u00edderes de audi\u00eancia local. Somos sociais.\u00a0Conecte-se conosco.<\/p>\n<\/p><\/div>\n<section>  \t<img alt=\"Avatar photo\" src=\"https:\/\/hostingpress.com.br\/wp-content\/uploads\/2026\/03\/cropped-Divilgacao-95x95.jpeg\"  height=\"95\" width=\"95\" decoding=\"async\">\t \t<\/p>\n<div>\n<p>Vinicius Moror\u00f3<\/p>\n<p>Editor-Executivo-Regional | Jornalista | Diretor Editorial    Editor-Executivo-Regional da HostingPress Ag\u00eancia de Not\u00edcias de S\u00e3o Paulo, com atua\u00e7\u00e3o voltada \u00e0 coordena\u00e7\u00e3o editorial regional, articula\u00e7\u00e3o com ve\u00edculos parceiros e fortalecimento da distribui\u00e7\u00e3o de conte\u00fado jornal\u00edstico no Estado de S\u00e3o Paulo.      Editor-chefe do Jornal Impacto Cotia, com foco em jornalismo investigativo, interesse p\u00fablico e an\u00e1lise cr\u00edtica de temas pol\u00edticos, sociais e institucionais.<\/p>\n<\/p><\/div>\n<\/section>\n","protected":false},"excerpt":{"rendered":"<p>Empresa comenta casos recentes ap\u00f3s repercuss\u00e3o envolvendo ve\u00edculos de alto desempenho A Porsche se manifestou sobre acidentes recentes envolvendo ve\u00edculos da marca em S\u00e3o Paulo, ap\u00f3s epis\u00f3dios que ganharam repercuss\u00e3o nos \u00faltimos dias. Em nota, a empresa informou que acompanha os casos e destacou a import\u00e2ncia do uso respons\u00e1vel de ve\u00edculos de alto desempenho. A<\/p>\n","protected":false},"author":808,"featured_media":155538,"comment_status":"closed","ping_status":"closed","sticky":false,"template":"","format":"standard","meta":{"footnotes":""},"categories":[77,1],"tags":[],"class_list":{"0":"post-155537","1":"post","2":"type-post","3":"status-publish","4":"format-standard","5":"has-post-thumbnail","7":"category-papo-de-especialista","8":"category-todas-noticias"},"_links":{"self":[{"href":"https:\/\/obuxixeiro.com.br\/index.php?rest_route=\/wp\/v2\/posts\/155537","targetHints":{"allow":["GET"]}}],"collection":[{"href":"https:\/\/obuxixeiro.com.br\/index.php?rest_route=\/wp\/v2\/posts"}],"about":[{"href":"https:\/\/obuxixeiro.com.br\/index.php?rest_route=\/wp\/v2\/types\/post"}],"author":[{"embeddable":true,"href":"https:\/\/obuxixeiro.com.br\/index.php?rest_route=\/wp\/v2\/users\/808"}],"replies":[{"embeddable":true,"href":"https:\/\/obuxixeiro.com.br\/index.php?rest_route=%2Fwp%2Fv2%2Fcomments&post=155537"}],"version-history":[{"count":0,"href":"https:\/\/obuxixeiro.com.br\/index.php?rest_route=\/wp\/v2\/posts\/155537\/revisions"}],"wp:featuredmedia":[{"embeddable":true,"href":"https:\/\/obuxixeiro.com.br\/index.php?rest_route=\/wp\/v2\/media\/155538"}],"wp:attachment":[{"href":"https:\/\/obuxixeiro.com.br\/index.php?rest_route=%2Fwp%2Fv2%2Fmedia&parent=155537"}],"wp:term":[{"taxonomy":"category","embeddable":true,"href":"https:\/\/obuxixeiro.com.br\/index.php?rest_route=%2Fwp%2Fv2%2Fcategories&post=155537"},{"taxonomy":"post_tag","embeddable":true,"href":"https:\/\/obuxixeiro.com.br\/index.php?rest_route=%2Fwp%2Fv2%2Ftags&post=155537"}],"curies":[{"name":"wp","href":"https:\/\/api.w.org\/{rel}","templated":true}]}}