{"id":155543,"date":"2026-03-28T11:19:00","date_gmt":"2026-03-28T14:19:00","guid":{"rendered":"https:\/\/obuxixeiro.com.br\/2026\/03\/28\/domingo-de-ramos-tera-procissao-e-missas-na-catedral-de-santana-em-mogi-das-cruzes\/"},"modified":"2026-03-28T11:19:00","modified_gmt":"2026-03-28T14:19:00","slug":"domingo-de-ramos-tera-procissao-e-missas-na-catedral-de-santana-em-mogi-das-cruzes","status":"publish","type":"post","link":"https:\/\/obuxixeiro.com.br\/?p=155543","title":{"rendered":"Domingo de Ramos ter\u00e1 prociss\u00e3o e missas na Catedral de SantAna, em Mogi das Cruzes"},"content":{"rendered":"\n<div>\n<p><strong>Celebra\u00e7\u00e3o come\u00e7a com b\u00ean\u00e7\u00e3o no Largo do Ros\u00e1rio e segue em caminhada at\u00e9 a catedral neste domingo (29)<\/strong><\/p>\n<p>A Igreja Cat\u00f3lica celebra neste domingo, <strong>29 de mar\u00e7o<\/strong>, o <strong>Domingo de Ramos<\/strong>, e em Mogi das Cruzes a programa\u00e7\u00e3o inclui prociss\u00e3o e missas na Catedral de Sant\u2019Ana.<\/p>\n<p>A celebra\u00e7\u00e3o ter\u00e1 in\u00edcio \u00e0s <strong>10h45<\/strong>, com a <strong>b\u00ean\u00e7\u00e3o dos ramos no Largo do Ros\u00e1rio<\/strong>. Em seguida, os fi\u00e9is seguem em prociss\u00e3o at\u00e9 a <strong>Catedral de Sant\u2019Ana<\/strong>, onde ser\u00e1 realizada a Missa da Paix\u00e3o, presidida pelo bispo diocesano <strong>dom Pedro Luiz Stringhini<\/strong>.<\/p>\n<p>Ao longo do dia, a catedral tamb\u00e9m ter\u00e1 celebra\u00e7\u00f5es em diferentes hor\u00e1rios: <strong>7h, 9h, 17h30 e 19h<\/strong>, ampliando o atendimento aos fi\u00e9is.<\/p>\n<p>O Domingo de Ramos marca o in\u00edcio da <strong>Semana Santa<\/strong>, per\u00edodo central do calend\u00e1rio crist\u00e3o que relembra a <strong>paix\u00e3o, morte e ressurrei\u00e7\u00e3o de Jesus Cristo<\/strong>.<\/p>\n<p>Segundo a Diocese de Mogi das Cruzes, a data recorda a entrada de Jesus em Jerusal\u00e9m, quando foi recebido com ramos, simbolizando acolhimento e reconhecimento.<\/p>\n<p>A celebra\u00e7\u00e3o une dois momentos lit\u00fargicos: a prociss\u00e3o com ramos e a leitura da Paix\u00e3o, que prepara os fi\u00e9is para os ritos da Semana Santa.<\/p>\n<p><strong>HostingPRESS Ag\u00eancia de Not\u00edcias de S\u00e3o Paulo<\/strong><br \/>Conte\u00fado distribu\u00eddo por nossa Central de Jornalismo<br \/>Reprodu\u00e7\u00e3o autorizada mediante cr\u00e9dito da fonte<\/p>\n<p>Portal criado para conectar os leitores da regi\u00e3o ao melhor conte\u00fado<\/p>\n<p>Somos l\u00edderes de audi\u00eancia local. Somos sociais.\u00a0Conecte-se conosco.<\/p>\n<\/p><\/div>\n<section>  \t<img alt=\"Avatar photo\" src=\"https:\/\/hostingpress.com.br\/wp-content\/uploads\/2026\/03\/cropped-Divilgacao-95x95.jpeg\"  height=\"95\" width=\"95\" decoding=\"async\">\t \t<\/p>\n<div>\n<p>Vinicius Moror\u00f3<\/p>\n<p>Editor-Executivo-Regional | Jornalista | Diretor Editorial    Editor-Executivo-Regional da HostingPress Ag\u00eancia de Not\u00edcias de S\u00e3o Paulo, com atua\u00e7\u00e3o voltada \u00e0 coordena\u00e7\u00e3o editorial regional, articula\u00e7\u00e3o com ve\u00edculos parceiros e fortalecimento da distribui\u00e7\u00e3o de conte\u00fado jornal\u00edstico no Estado de S\u00e3o Paulo.      Editor-chefe do Jornal Impacto Cotia, com foco em jornalismo investigativo, interesse p\u00fablico e an\u00e1lise cr\u00edtica de temas pol\u00edticos, sociais e institucionais.<\/p>\n<\/p><\/div>\n<\/section>\n","protected":false},"excerpt":{"rendered":"<p>Celebra\u00e7\u00e3o come\u00e7a com b\u00ean\u00e7\u00e3o no Largo do Ros\u00e1rio e segue em caminhada at\u00e9 a catedral neste domingo (29) A Igreja Cat\u00f3lica celebra neste domingo, 29 de mar\u00e7o, o Domingo de Ramos, e em Mogi das Cruzes a programa\u00e7\u00e3o inclui prociss\u00e3o e missas na Catedral de Sant\u2019Ana. A celebra\u00e7\u00e3o ter\u00e1 in\u00edcio \u00e0s 10h45, com a b\u00ean\u00e7\u00e3o<\/p>\n","protected":false},"author":808,"featured_media":155547,"comment_status":"closed","ping_status":"closed","sticky":false,"template":"","format":"standard","meta":{"footnotes":""},"categories":[75,1],"tags":[],"class_list":{"0":"post-155543","1":"post","2":"type-post","3":"status-publish","4":"format-standard","5":"has-post-thumbnail","7":"category-aonde-ir-na-regiao","8":"category-todas-noticias"},"_links":{"self":[{"href":"https:\/\/obuxixeiro.com.br\/index.php?rest_route=\/wp\/v2\/posts\/155543","targetHints":{"allow":["GET"]}}],"collection":[{"href":"https:\/\/obuxixeiro.com.br\/index.php?rest_route=\/wp\/v2\/posts"}],"about":[{"href":"https:\/\/obuxixeiro.com.br\/index.php?rest_route=\/wp\/v2\/types\/post"}],"author":[{"embeddable":true,"href":"https:\/\/obuxixeiro.com.br\/index.php?rest_route=\/wp\/v2\/users\/808"}],"replies":[{"embeddable":true,"href":"https:\/\/obuxixeiro.com.br\/index.php?rest_route=%2Fwp%2Fv2%2Fcomments&post=155543"}],"version-history":[{"count":0,"href":"https:\/\/obuxixeiro.com.br\/index.php?rest_route=\/wp\/v2\/posts\/155543\/revisions"}],"wp:featuredmedia":[{"embeddable":true,"href":"https:\/\/obuxixeiro.com.br\/index.php?rest_route=\/wp\/v2\/media\/155547"}],"wp:attachment":[{"href":"https:\/\/obuxixeiro.com.br\/index.php?rest_route=%2Fwp%2Fv2%2Fmedia&parent=155543"}],"wp:term":[{"taxonomy":"category","embeddable":true,"href":"https:\/\/obuxixeiro.com.br\/index.php?rest_route=%2Fwp%2Fv2%2Fcategories&post=155543"},{"taxonomy":"post_tag","embeddable":true,"href":"https:\/\/obuxixeiro.com.br\/index.php?rest_route=%2Fwp%2Fv2%2Ftags&post=155543"}],"curies":[{"name":"wp","href":"https:\/\/api.w.org\/{rel}","templated":true}]}}