{"id":155548,"date":"2026-03-02T21:35:00","date_gmt":"2026-03-03T00:35:00","guid":{"rendered":"https:\/\/obuxixeiro.com.br\/2026\/03\/02\/motorista-destroi-cancela-e-agride-seguranca\/"},"modified":"2026-03-02T21:35:00","modified_gmt":"2026-03-03T00:35:00","slug":"motorista-destroi-cancela-e-agride-seguranca","status":"publish","type":"post","link":"https:\/\/obuxixeiro.com.br\/?p=155548","title":{"rendered":"Motorista destr\u00f3i cancela e agride seguran\u00e7a"},"content":{"rendered":"<div>\n<p>As primeiras imagens parecem cenas de um filme de mau gosto: um autom\u00f3vel de luxo, de cor escura e apar\u00eancia imponente, aguarda diante da cancela de um estacionamento na Zona Oeste de S\u00e3o Paulo. O rel\u00f3gio marca pouco depois das seis da manh\u00e3 de um domingo ainda sonolento, quando a cidade come\u00e7a a recolher os \u00faltimos frequentadores de casas noturnas da Barra Funda. Durante quase um minuto, nada acontece al\u00e9m do fluxo habitual da madrugada que morre. De s\u00fabito, por\u00e9m, o motorista, visivelmente irritado com a demora na abertura do equipamento, desce do ve\u00edculo e converte o espa\u00e7o de circula\u00e7\u00e3o em palco de f\u00faria e destrui\u00e7\u00e3o, em uma sequ\u00eancia que, registrada por c\u00e2meras de vigil\u00e2ncia e celulares, se tornou rapidamente viral e reacendeu debates sobre viol\u00eancia cotidiana, sensa\u00e7\u00e3o de impunidade e banaliza\u00e7\u00e3o da agressividade no tr\u00e2nsito.<\/p>\n<p>As grava\u00e7\u00f5es, obtidas pela imprensa e compartilhadas nas redes, deixam pouco espa\u00e7o para d\u00favida quanto \u00e0 din\u00e2mica do epis\u00f3dio. Nas imagens, v\u00ea-se o carro parado em frente \u00e0 cancela, na Avenida Francisco Matarazzo, regi\u00e3o da Barra Funda, em \u00e1rea cont\u00edgua a conhecidas casas de show e pr\u00f3xima \u00e0 esta\u00e7\u00e3o intermodal de metr\u00f4 e trem. Ap\u00f3s aguardar alguns instantes, o condutor abandona o habit\u00e1culo em atitude intempestiva e passa a atacar, com as pr\u00f3prias m\u00e3os e p\u00e9s, a estrutura do estacionamento. Primeiro, desfere golpes contra o totem eletr\u00f4nico, danificando o equipamento. Em seguida, arranca uma das c\u00e2meras de seguran\u00e7a, que \u00e9 lancetada ao ch\u00e3o com desprezo, em gesto que parece sintetizar seu desejo de apagar a pr\u00f3pria trilha de responsabiliza\u00e7\u00e3o.<\/p>\n<p>N\u00e3o satisfeito, o agressor volta-se contra a cancela em si. Utilizando o peso do corpo, for\u00e7a o bra\u00e7o mec\u00e2nico at\u00e9 finalmente conseguir arranc\u00e1-lo do suporte, numa esp\u00e9cie de performance de for\u00e7a f\u00edsica dirigida contra o patrim\u00f4nio alheio. A cena, j\u00e1 chocante em si, ganha contornos ainda mais inquietantes quando um funcion\u00e1rio do estabelecimento, munido apenas de um celular, tenta registrar o vandalismo. Ao perceber que est\u00e1 sendo filmado, o motorista retorna ao ve\u00edculo, parece hesitar por alguns segundos, e ent\u00e3o toma a decis\u00e3o que elevaria o epis\u00f3dio de mero dano material \u00e0 esfera da viol\u00eancia f\u00edsica direta: sai novamente do carro, cobre parte do rosto com a camiseta e avan\u00e7a na dire\u00e7\u00e3o do seguran\u00e7a.<\/p>\n<p>O que se segue \u00e9 uma agress\u00e3o brutal, capturada em m\u00faltiplos \u00e2ngulos. O funcion\u00e1rio \u00e9 derrubado ao solo, subjulgado por socos e chutes, sem qualquer possibilidade de defesa efetiva. Em um momento, \u00e9 poss\u00edvel ver um grupo de pessoas, at\u00e9 ent\u00e3o espectadores at\u00f4nitos, intervir para conter o agressor, que \u00e9 imobilizado ap\u00f3s alguns instantes de luta corporal. Outro homem, de casaco claro, tamb\u00e9m chega a desferir golpes contra o motorista, em gesto que, embora possa ter sido motivado pelo \u00edmpeto de cessar a viol\u00eancia original, adiciona uma camada de caos \u00e0 cena. Em paralelo, duas mulheres tentam erguer e retirar o seguran\u00e7a, que aparenta forte dor e dificuldade de locomo\u00e7\u00e3o.<\/p>\n<p>Segundo informa\u00e7\u00f5es da Pol\u00edcia Civil e da Secretaria de Seguran\u00e7a P\u00fablica, o funcion\u00e1rio do estacionamento foi socorrido e encaminhado a um hospital, onde exames constataram fratura grave em uma das pernas, exigindo interna\u00e7\u00e3o e tratamento especializado. O caso foi registrado no 91\u00ba Distrito Policial, da Vila Leopoldina, como les\u00e3o corporal e dano qualificado, e a investiga\u00e7\u00e3o busca, agora, identificar responsabilidade subjetiva e eventuais agravantes, como motivo f\u00fatil, emprego de meio que dificultou a defesa da v\u00edtima e dolo na destrui\u00e7\u00e3o do patrim\u00f4nio.<\/p>\n<p>Em outra vertente da cobertura, emissoras de televis\u00e3o identificaram o motorista como um empres\u00e1rio do ramo de importa\u00e7\u00e3o atacadista, propriet\u00e1rio de um ve\u00edculo de alta gama, o que refor\u00e7ou o enquadramento popular do epis\u00f3dio como exemplo emblem\u00e1tico de intoler\u00e2ncia e sensa\u00e7\u00e3o de superioridade associadas ao poder aquisitivo. A figura do \u201cmotorista de carro de luxo\u201d, utilizada em in\u00fameras manchetes, tornou-se s\u00edmbolo da narrativa de algu\u00e9m que, ao n\u00e3o aceitar a frustra\u00e7\u00e3o m\u00ednima de aguardar a abertura de uma cancela, recorre a uma escalada de viol\u00eancia desproporcional, como se a posse de bens materiais o colocasse acima de regras elementares de conviv\u00eancia.<\/p>\n<p>N\u00e3o se trata, infelizmente, de caso isolado. Levantamentos recentes mostram epis\u00f3dios an\u00e1logos em ped\u00e1gios, portarias de condom\u00ednios e acessos a estacionamentos, em que a irrita\u00e7\u00e3o com suposta demora ou com protocolos de seguran\u00e7a resulta em ataques a cancela, port\u00f5es e, em situa\u00e7\u00f5es mais graves, a trabalhadores que apenas executam procedimentos preestabelecidos. Em 2023, por exemplo, um motorista na BR\u2011290, no Rio Grande do Sul, quebrou a cancela de um ped\u00e1gio e agrediu com um soco o funcion\u00e1rio da concession\u00e1ria, ap\u00f3s alegar demora no atendimento; o epis\u00f3dio foi igualmente registrado em v\u00eddeo e gerou investiga\u00e7\u00e3o policial. Em condom\u00ednios residenciais, n\u00e3o s\u00e3o raras as ocorr\u00eancias em que port\u00f5es s\u00e3o vandalizados ou funcion\u00e1rios desacatados quando se recusam a descumprir regras de controle de acesso.<\/p>\n<p>Especialistas em comportamento no tr\u00e2nsito apontam para um fen\u00f4meno de \u201cdesinibi\u00e7\u00e3o agressiva\u201d associada ao ambiente protegido do ve\u00edculo. O autom\u00f3vel, sobretudo quando se trata de um modelo de alto padr\u00e3o, tende a construir, no imagin\u00e1rio de alguns condutores, uma esp\u00e9cie de bolha de poder e invulnerabilidade, na qual pequenos contratempos s\u00e3o percebidos como afrontas pessoais \u00e0 sua condi\u00e7\u00e3o. Em contextos de estresse urbano cr\u00f4nico, jornadas noturnas e eventual consumo de \u00e1lcool, a capacidade de regula\u00e7\u00e3o emocional se torna ainda mais fr\u00e1gil, abrindo espa\u00e7o para explos\u00f5es de viol\u00eancia que seriam, talvez, menos prov\u00e1veis em outros ambientes.<\/p>\n<p>Do ponto de vista jur\u00eddico, situa\u00e7\u00f5es como a registrada na Barra Funda podem implicar m\u00faltiplas esferas de responsabiliza\u00e7\u00e3o. No campo penal, a agress\u00e3o que resulta em fratura grave da v\u00edtima pode ser enquadrada como les\u00e3o corporal de natureza grave, com pena mais elevada do que a prevista para les\u00f5es leves, e o dano intencional a patrim\u00f4nio alheio caracteriza crime aut\u00f4nomo de dano qualificado, sobretudo por se tratar de equipamento de uso p\u00fablico ou coletivo. Se o Minist\u00e9rio P\u00fablico entender que houve motivo f\u00fatil ou emprego de recurso que dificultou a defesa da v\u00edtima, n\u00e3o est\u00e1 descartada a possibilidade de se cogitar, em tese, enquadramentos mais gravosos.<\/p>\n<p>Na esfera c\u00edvel, o estacionamento, ainda que v\u00edtima direta da destrui\u00e7\u00e3o do equipamento, poder\u00e1 ser chamado a discutir, em eventual a\u00e7\u00e3o indenizat\u00f3ria, sua responsabilidade objetiva pelas les\u00f5es sofridas pelo empregado, bem como a obriga\u00e7\u00e3o de repara\u00e7\u00e3o por danos morais e materiais decorrentes do trauma e da necessidade de afastamento do trabalho. Jurisprud\u00eancias consolidadas, inclusive do Superior Tribunal de Justi\u00e7a, j\u00e1 reconheceram que, embora estabelecimentos privados n\u00e3o possam ser responsabilizados por todo e qualquer il\u00edcito imprevis\u00edvel cometido por terceiros, h\u00e1 um dever de prote\u00e7\u00e3o m\u00ednimo decorrente da rela\u00e7\u00e3o de consumo e do v\u00ednculo empregat\u00edcio que os vincula aos trabalhadores sob sua guarda.<\/p>\n<p>Ao mesmo tempo, o caso lan\u00e7a luz sobre a vulnerabilidade de trabalhadores de baixa renda, frequentemente colocados na linha de frente de situa\u00e7\u00f5es de conflito sem equipamentos adequados de conten\u00e7\u00e3o ou apoio. Vigilantes, seguran\u00e7as patrimoniais, frentistas e atendentes de ped\u00e1gio comp\u00f5em um contingente que ocupa posi\u00e7\u00f5es de contato direto com o p\u00fablico e, por vezes, com usu\u00e1rios irritados, potencialmente alcoolizados ou armados. A aus\u00eancia de protocolos claros, de treinamento em t\u00e9cnicas de desescalada verbal e de respaldo institucional consistente pode transformar uma situa\u00e7\u00e3o banal \u2013 como a demora de uma cancela \u2013 em ocasi\u00e3o de risco extremo para esses profissionais.<\/p>\n<p>Na era dos v\u00eddeos onipresentes, as imagens da Barra Funda cumprem dupla fun\u00e7\u00e3o. De um lado, produzem o efeito pedag\u00f3gico da exposi\u00e7\u00e3o p\u00fablica: ao ver a repercuss\u00e3o nacional do epis\u00f3dio, muitos condutores talvez pensem duas vezes antes de converter contrariedades triviais em ataques destrutivos, conscientes de que cada esquina pode esconder uma c\u00e2mera. De outro, contudo, h\u00e1 o risco de banaliza\u00e7\u00e3o da pr\u00f3pria viol\u00eancia, com a circula\u00e7\u00e3o incessante de cenas de agress\u00e3o levando a uma certa anestesia moral, em que esse tipo de comportamento passa a ser percebido como mais um item no repert\u00f3rio de \u201cbizarrices\u201d urbanas consumidas em v\u00eddeos curtos.<\/p>\n<p>Ao noticiar epis\u00f3dios como este, a HostingPress se prop\u00f5e a ir al\u00e9m do choque imediato das imagens, convidando o leitor a refletir sobre as engrenagens sociais, psicol\u00f3gicas e jur\u00eddicas que os tornam poss\u00edveis. Em um ambiente digital saturado de conte\u00fados ef\u00eameros, oferecemos an\u00e1lise aprofundada, contexto e abordagens respons\u00e1veis, sempre com a preocupa\u00e7\u00e3o de informar sem inflamar. Se voc\u00ea valoriza jornalismo que n\u00e3o se contenta com a superf\u00edcie e busca compreender o que est\u00e1 por tr\u00e1s dos fatos, continue acompanhando as reportagens, especiais e an\u00e1lises produzidas diariamente por nossa reda\u00e7\u00e3o.<\/p>\n<p>Marcelo Henrique de Carvalho, editor-chefe<br \/>HostingPRESS \u2013 Ag\u00eancia de Not\u00edcias de S\u00e3o Paulo. Conte\u00fado distribu\u00eddo por nossa Central de Jornalismo. Reprodu\u00e7\u00e3o autorizada mediante cr\u00e9dito da fonte.<\/p>\n<\/p><\/div>\n","protected":false},"excerpt":{"rendered":"<p>As primeiras imagens parecem cenas de um filme de mau gosto: um autom\u00f3vel de luxo, de cor escura e apar\u00eancia imponente, aguarda diante da cancela de um estacionamento na Zona Oeste de S\u00e3o Paulo. O rel\u00f3gio marca pouco depois das seis da manh\u00e3 de um domingo ainda sonolento, quando a cidade come\u00e7a a recolher os<\/p>\n","protected":false},"author":811,"featured_media":155550,"comment_status":"closed","ping_status":"closed","sticky":false,"template":"","format":"standard","meta":{"footnotes":""},"categories":[78,1],"tags":[],"class_list":{"0":"post-155548","1":"post","2":"type-post","3":"status-publish","4":"format-standard","5":"has-post-thumbnail","7":"category-materias-especiais","8":"category-todas-noticias"},"_links":{"self":[{"href":"https:\/\/obuxixeiro.com.br\/index.php?rest_route=\/wp\/v2\/posts\/155548","targetHints":{"allow":["GET"]}}],"collection":[{"href":"https:\/\/obuxixeiro.com.br\/index.php?rest_route=\/wp\/v2\/posts"}],"about":[{"href":"https:\/\/obuxixeiro.com.br\/index.php?rest_route=\/wp\/v2\/types\/post"}],"author":[{"embeddable":true,"href":"https:\/\/obuxixeiro.com.br\/index.php?rest_route=\/wp\/v2\/users\/811"}],"replies":[{"embeddable":true,"href":"https:\/\/obuxixeiro.com.br\/index.php?rest_route=%2Fwp%2Fv2%2Fcomments&post=155548"}],"version-history":[{"count":0,"href":"https:\/\/obuxixeiro.com.br\/index.php?rest_route=\/wp\/v2\/posts\/155548\/revisions"}],"wp:featuredmedia":[{"embeddable":true,"href":"https:\/\/obuxixeiro.com.br\/index.php?rest_route=\/wp\/v2\/media\/155550"}],"wp:attachment":[{"href":"https:\/\/obuxixeiro.com.br\/index.php?rest_route=%2Fwp%2Fv2%2Fmedia&parent=155548"}],"wp:term":[{"taxonomy":"category","embeddable":true,"href":"https:\/\/obuxixeiro.com.br\/index.php?rest_route=%2Fwp%2Fv2%2Fcategories&post=155548"},{"taxonomy":"post_tag","embeddable":true,"href":"https:\/\/obuxixeiro.com.br\/index.php?rest_route=%2Fwp%2Fv2%2Ftags&post=155548"}],"curies":[{"name":"wp","href":"https:\/\/api.w.org\/{rel}","templated":true}]}}