{"id":155549,"date":"2026-04-16T03:52:00","date_gmt":"2026-04-16T06:52:00","guid":{"rendered":"https:\/\/obuxixeiro.com.br\/2026\/04\/16\/previsao-do-tempo-em-sp-para-quinta-16-sol-predomina-e-nao-ha-previsao-de-chuva\/"},"modified":"2026-04-16T03:52:00","modified_gmt":"2026-04-16T06:52:00","slug":"previsao-do-tempo-em-sp-para-quinta-16-sol-predomina-e-nao-ha-previsao-de-chuva","status":"publish","type":"post","link":"https:\/\/obuxixeiro.com.br\/?p=155549","title":{"rendered":"Previs\u00e3o do tempo em SP para quinta (16): sol predomina e n\u00e3o h\u00e1 previs\u00e3o de chuva"},"content":{"rendered":"\n<div>\n<p><strong>Tempo firme segue no estado, com manh\u00e3 amena e temperaturas em eleva\u00e7\u00e3o ao longo do dia<\/strong><\/p>\n<p>O estado de S\u00e3o Paulo deve ter <strong>tempo firme nesta quinta-feira (16)<\/strong>, com predom\u00ednio de sol e poucas nuvens ao longo do dia, sem previs\u00e3o de chuva na maior parte das regi\u00f5es.<\/p>\n<p>A manh\u00e3 come\u00e7a com temperaturas mais amenas, especialmente nas primeiras horas do dia. Ao longo do per\u00edodo, os term\u00f4metros sobem gradualmente, com sensa\u00e7\u00e3o de calor mais presente durante a tarde.<\/p>\n<p>A estabilidade clim\u00e1tica est\u00e1 associada \u00e0 atua\u00e7\u00e3o de um sistema que inibe a forma\u00e7\u00e3o de nuvens carregadas, mantendo o c\u00e9u aberto em grande parte do estado.<\/p>\n<p>N\u00e3o h\u00e1 indica\u00e7\u00e3o de mudan\u00e7as significativas nas condi\u00e7\u00f5es do tempo, e o padr\u00e3o de clima seco deve continuar ao longo do dia.<\/p>\n<p>Apesar do cen\u00e1rio est\u00e1vel, o material n\u00e3o detalha <strong>n\u00edveis de umidade do ar nem varia\u00e7\u00f5es regionais mais espec\u00edficas<\/strong>, o que pode ser relevante para \u00e1reas do interior.<\/p>\n<p><strong>HostingPRESS Ag\u00eancia de Not\u00edcias de S\u00e3o Paulo<\/strong><br \/>Conte\u00fado distribu\u00eddo por nossa Central de Jornalismo<br \/>Reprodu\u00e7\u00e3o autorizada mediante cr\u00e9dito da fonte<\/p>\n<p>Portal criado para conectar os leitores da regi\u00e3o ao melhor conte\u00fado<\/p>\n<p>Somos l\u00edderes de audi\u00eancia local. Somos sociais.\u00a0Conecte-se conosco.<\/p>\n<\/p><\/div>\n<section>  \t<img alt=\"Avatar photo\" src=\"https:\/\/hostingpress.com.br\/wp-content\/uploads\/2026\/03\/cropped-Divilgacao-95x95.jpeg\"  height=\"95\" width=\"95\" decoding=\"async\">\t \t<\/p>\n<div>\n<p>Vinicius Moror\u00f3<\/p>\n<p>Editor-Executivo-Regional | Jornalista | Diretor Editorial    Editor-Executivo-Regional da HostingPress Ag\u00eancia de Not\u00edcias de S\u00e3o Paulo, com atua\u00e7\u00e3o voltada \u00e0 coordena\u00e7\u00e3o editorial regional, articula\u00e7\u00e3o com ve\u00edculos parceiros e fortalecimento da distribui\u00e7\u00e3o de conte\u00fado jornal\u00edstico no Estado de S\u00e3o Paulo.      Editor-chefe do Jornal Impacto Cotia, com foco em jornalismo investigativo, interesse p\u00fablico e an\u00e1lise cr\u00edtica de temas pol\u00edticos, sociais e institucionais.<\/p>\n<\/p><\/div>\n<\/section>\n","protected":false},"excerpt":{"rendered":"<p>Tempo firme segue no estado, com manh\u00e3 amena e temperaturas em eleva\u00e7\u00e3o ao longo do dia O estado de S\u00e3o Paulo deve ter tempo firme nesta quinta-feira (16), com predom\u00ednio de sol e poucas nuvens ao longo do dia, sem previs\u00e3o de chuva na maior parte das regi\u00f5es. A manh\u00e3 come\u00e7a com temperaturas mais amenas,<\/p>\n","protected":false},"author":808,"featured_media":155553,"comment_status":"closed","ping_status":"closed","sticky":false,"template":"","format":"standard","meta":{"footnotes":""},"categories":[79,1],"tags":[],"class_list":{"0":"post-155549","1":"post","2":"type-post","3":"status-publish","4":"format-standard","5":"has-post-thumbnail","7":"category-destaque-nacional","8":"category-todas-noticias"},"_links":{"self":[{"href":"https:\/\/obuxixeiro.com.br\/index.php?rest_route=\/wp\/v2\/posts\/155549","targetHints":{"allow":["GET"]}}],"collection":[{"href":"https:\/\/obuxixeiro.com.br\/index.php?rest_route=\/wp\/v2\/posts"}],"about":[{"href":"https:\/\/obuxixeiro.com.br\/index.php?rest_route=\/wp\/v2\/types\/post"}],"author":[{"embeddable":true,"href":"https:\/\/obuxixeiro.com.br\/index.php?rest_route=\/wp\/v2\/users\/808"}],"replies":[{"embeddable":true,"href":"https:\/\/obuxixeiro.com.br\/index.php?rest_route=%2Fwp%2Fv2%2Fcomments&post=155549"}],"version-history":[{"count":0,"href":"https:\/\/obuxixeiro.com.br\/index.php?rest_route=\/wp\/v2\/posts\/155549\/revisions"}],"wp:featuredmedia":[{"embeddable":true,"href":"https:\/\/obuxixeiro.com.br\/index.php?rest_route=\/wp\/v2\/media\/155553"}],"wp:attachment":[{"href":"https:\/\/obuxixeiro.com.br\/index.php?rest_route=%2Fwp%2Fv2%2Fmedia&parent=155549"}],"wp:term":[{"taxonomy":"category","embeddable":true,"href":"https:\/\/obuxixeiro.com.br\/index.php?rest_route=%2Fwp%2Fv2%2Fcategories&post=155549"},{"taxonomy":"post_tag","embeddable":true,"href":"https:\/\/obuxixeiro.com.br\/index.php?rest_route=%2Fwp%2Fv2%2Ftags&post=155549"}],"curies":[{"name":"wp","href":"https:\/\/api.w.org\/{rel}","templated":true}]}}