{"id":155554,"date":"2026-04-13T00:31:00","date_gmt":"2026-04-13T03:31:00","guid":{"rendered":"https:\/\/obuxixeiro.com.br\/2026\/04\/13\/especialista-alerta-para-riscos-do-uso-de-curcuma-em-capsulas-sem-orientacao\/"},"modified":"2026-04-13T00:31:00","modified_gmt":"2026-04-13T03:31:00","slug":"especialista-alerta-para-riscos-do-uso-de-curcuma-em-capsulas-sem-orientacao","status":"publish","type":"post","link":"https:\/\/obuxixeiro.com.br\/?p=155554","title":{"rendered":"Especialista alerta para riscos do uso de c\u00farcuma em c\u00e1psulas sem orienta\u00e7\u00e3o"},"content":{"rendered":"\n<div>\n<p><strong>Consumo indiscriminado pode causar efeitos adversos, segundo pesquisador da USP<\/strong><\/p>\n<p>Um especialista da USP recomenda cautela no uso de suplementos de C\u00farcuma em c\u00e1psulas. Apesar da popularidade do produto, o consumo sem orienta\u00e7\u00e3o pode trazer riscos \u00e0 sa\u00fade.<\/p>\n<p>A subst\u00e2ncia, amplamente divulgada por seus poss\u00edveis efeitos anti-inflamat\u00f3rios, tem sido utilizada de forma crescente fora de acompanhamento m\u00e9dico.<\/p>\n<p><strong>Uso sem controle preocupa<\/strong><\/p>\n<p>De acordo com o especialista, o uso concentrado da c\u00farcuma em forma de c\u00e1psulas pode ter efeitos diferentes do consumo alimentar tradicional, j\u00e1 que envolve doses mais elevadas da subst\u00e2ncia ativa.<\/p>\n<p><strong>Poss\u00edveis riscos<\/strong><\/p>\n<p>O consumo excessivo pode causar efeitos adversos, especialmente em pessoas com condi\u00e7\u00f5es espec\u00edficas de sa\u00fade ou que utilizam medicamentos cont\u00ednuos.<\/p>\n<p>Entre os pontos de aten\u00e7\u00e3o est\u00e3o poss\u00edveis intera\u00e7\u00f5es medicamentosas e impactos no funcionamento do organismo.<\/p>\n<p><strong>Diferen\u00e7a entre alimento e suplemento<\/strong><\/p>\n<p>Enquanto o uso da c\u00farcuma como tempero \u00e9 considerado seguro em geral, o uso em c\u00e1psulas exige mais cautela devido \u00e0 concentra\u00e7\u00e3o.<\/p>\n<p><strong>Orienta\u00e7\u00e3o m\u00e9dica<\/strong><\/p>\n<p>A recomenda\u00e7\u00e3o \u00e9 que o uso de qualquer suplemento seja feito com acompanhamento profissional, evitando automedica\u00e7\u00e3o.<\/p>\n<p><strong>HostingPRESS Ag\u00eancia de Not\u00edcias de S\u00e3o Paulo<\/strong><br \/>Conte\u00fado distribu\u00eddo por nossa Central de Jornalismo<br \/>Reprodu\u00e7\u00e3o autorizada mediante cr\u00e9dito da fonte<\/p>\n<p>Portal criado para conectar os leitores da regi\u00e3o ao melhor conte\u00fado<\/p>\n<p>Somos l\u00edderes de audi\u00eancia local. Somos sociais.\u00a0Conecte-se conosco.<\/p>\n<\/p><\/div>\n<section>  \t<img alt=\"Avatar photo\" src=\"https:\/\/hostingpress.com.br\/wp-content\/uploads\/2026\/03\/cropped-Divilgacao-95x95.jpeg\"  height=\"95\" width=\"95\" decoding=\"async\">\t \t<\/p>\n<div>\n<p>Vinicius Moror\u00f3<\/p>\n<p>Editor-Executivo-Regional | Jornalista | Diretor Editorial    Editor-Executivo-Regional da HostingPress Ag\u00eancia de Not\u00edcias de S\u00e3o Paulo, com atua\u00e7\u00e3o voltada \u00e0 coordena\u00e7\u00e3o editorial regional, articula\u00e7\u00e3o com ve\u00edculos parceiros e fortalecimento da distribui\u00e7\u00e3o de conte\u00fado jornal\u00edstico no Estado de S\u00e3o Paulo.      Editor-chefe do Jornal Impacto Cotia, com foco em jornalismo investigativo, interesse p\u00fablico e an\u00e1lise cr\u00edtica de temas pol\u00edticos, sociais e institucionais.<\/p>\n<\/p><\/div>\n<\/section>\n","protected":false},"excerpt":{"rendered":"<p>Consumo indiscriminado pode causar efeitos adversos, segundo pesquisador da USP Um especialista da USP recomenda cautela no uso de suplementos de C\u00farcuma em c\u00e1psulas. Apesar da popularidade do produto, o consumo sem orienta\u00e7\u00e3o pode trazer riscos \u00e0 sa\u00fade. A subst\u00e2ncia, amplamente divulgada por seus poss\u00edveis efeitos anti-inflamat\u00f3rios, tem sido utilizada de forma crescente fora de<\/p>\n","protected":false},"author":808,"featured_media":155555,"comment_status":"closed","ping_status":"closed","sticky":false,"template":"","format":"standard","meta":{"footnotes":""},"categories":[77,1],"tags":[],"class_list":{"0":"post-155554","1":"post","2":"type-post","3":"status-publish","4":"format-standard","5":"has-post-thumbnail","7":"category-papo-de-especialista","8":"category-todas-noticias"},"_links":{"self":[{"href":"https:\/\/obuxixeiro.com.br\/index.php?rest_route=\/wp\/v2\/posts\/155554","targetHints":{"allow":["GET"]}}],"collection":[{"href":"https:\/\/obuxixeiro.com.br\/index.php?rest_route=\/wp\/v2\/posts"}],"about":[{"href":"https:\/\/obuxixeiro.com.br\/index.php?rest_route=\/wp\/v2\/types\/post"}],"author":[{"embeddable":true,"href":"https:\/\/obuxixeiro.com.br\/index.php?rest_route=\/wp\/v2\/users\/808"}],"replies":[{"embeddable":true,"href":"https:\/\/obuxixeiro.com.br\/index.php?rest_route=%2Fwp%2Fv2%2Fcomments&post=155554"}],"version-history":[{"count":0,"href":"https:\/\/obuxixeiro.com.br\/index.php?rest_route=\/wp\/v2\/posts\/155554\/revisions"}],"wp:featuredmedia":[{"embeddable":true,"href":"https:\/\/obuxixeiro.com.br\/index.php?rest_route=\/wp\/v2\/media\/155555"}],"wp:attachment":[{"href":"https:\/\/obuxixeiro.com.br\/index.php?rest_route=%2Fwp%2Fv2%2Fmedia&parent=155554"}],"wp:term":[{"taxonomy":"category","embeddable":true,"href":"https:\/\/obuxixeiro.com.br\/index.php?rest_route=%2Fwp%2Fv2%2Fcategories&post=155554"},{"taxonomy":"post_tag","embeddable":true,"href":"https:\/\/obuxixeiro.com.br\/index.php?rest_route=%2Fwp%2Fv2%2Ftags&post=155554"}],"curies":[{"name":"wp","href":"https:\/\/api.w.org\/{rel}","templated":true}]}}