{"id":155559,"date":"2026-03-22T12:08:00","date_gmt":"2026-03-22T15:08:00","guid":{"rendered":"https:\/\/obuxixeiro.com.br\/2026\/03\/22\/carreta-do-museu-catavento-leva-experiencias-cientificas-a-herculandia\/"},"modified":"2026-03-22T12:08:00","modified_gmt":"2026-03-22T15:08:00","slug":"carreta-do-museu-catavento-leva-experiencias-cientificas-a-herculandia","status":"publish","type":"post","link":"https:\/\/obuxixeiro.com.br\/?p=155559","title":{"rendered":"Carreta do Museu Catavento leva experi\u00eancias cient\u00edficas a Hercul\u00e2ndia"},"content":{"rendered":"\n<div>\n<p><strong>Projeto itinerante oferece oficinas e atividades educativas gratuitas at\u00e9 quarta-feira (25)<\/strong><\/p>\n<p>A carreta do Museu Catavento iniciou nesta segunda-feira (23) atividades em Hercul\u00e2ndia, na regi\u00e3o de Mar\u00edlia, no interior de S\u00e3o Paulo. A a\u00e7\u00e3o integra o programa estadual \u201cCultSP na Estrada\u201d e oferece experi\u00eancias cient\u00edficas e oficinas educativas gratuitas para a popula\u00e7\u00e3o local.<\/p>\n<p>A iniciativa faz parte do projeto \u201cMuseu Catavento: Ci\u00eancia que vai at\u00e9 voc\u00ea\u201d, que leva parte do acervo interativo do museu para cidades do interior e litoral paulista.<\/p>\n<p>O ve\u00edculo adaptado tem cerca de 20 metros de comprimento e conta com estrutura expans\u00edvel de at\u00e9 60 m\u00b2, reunindo nove experimentos cient\u00edficos em diferentes \u00e1reas do conhecimento, como:<\/p>\n<ul>\n<li>f\u00edsica<\/li>\n<li>qu\u00edmica<\/li>\n<li>biologia<\/li>\n<li>geografia<\/li>\n<li>hist\u00f3ria<\/li>\n<\/ul>\n<p><strong>Como funciona a visita<\/strong><\/p>\n<p>O circuito dentro da carreta tem dura\u00e7\u00e3o m\u00e9dia de 25 minutos por grupo, com capacidade para at\u00e9 20 pessoas por sess\u00e3o.<\/p>\n<p>As atividades s\u00e3o acompanhadas por educadores, respons\u00e1veis por mediar as experi\u00eancias e orientar o p\u00fablico.<\/p>\n<p>Entre os destaques da exposi\u00e7\u00e3o est\u00e3o:<\/p>\n<ul>\n<li>gerador de Van de Graaff, que demonstra eletricidade est\u00e1tica<\/li>\n<li>bicicleta que gera energia<\/li>\n<li>maquete do n\u00facleo da Terra<\/li>\n<li>instala\u00e7\u00e3o com sons de aves brasileiras<\/li>\n<\/ul>\n<p>Al\u00e9m da \u00e1rea interna, o projeto tamb\u00e9m realiza oficinas educativas externas em parceria com espa\u00e7os culturais do munic\u00edpio.<\/p>\n<p><strong>Estrutura e acesso<\/strong><\/p>\n<p>A carreta possui acessibilidade e funciona com visita\u00e7\u00e3o aberta ao p\u00fablico ao longo do dia, podendo operar em diferentes dias da semana conforme a agenda local.<\/p>\n<p>O p\u00fablico inclui:<\/p>\n<ul>\n<li>moradores da cidade<\/li>\n<li>estudantes de escolas p\u00fablicas e privadas<\/li>\n<li>grupos organizados e institui\u00e7\u00f5es<\/li>\n<\/ul>\n<p><strong>Expans\u00e3o do projeto<\/strong><\/p>\n<p>A a\u00e7\u00e3o integra uma estrat\u00e9gia estadual de circula\u00e7\u00e3o cultural, organizada em sete polos regionais para ampliar o alcance das atividades.<\/p>\n<p>A estimativa \u00e9 de impacto mensal superior a 10 mil pessoas em todo o estado.<\/p>\n<p>Ap\u00f3s Hercul\u00e2ndia, o projeto seguir\u00e1 para outras cidades, incluindo Santos.<\/p>\n<p><strong>SERVI\u00c7O<\/strong><\/p>\n<p>\ud83d\udcc5 Data: 23 a 25 de mar\u00e7o de 2026<br \/>\ud83d\udd58 Hor\u00e1rio: 8h30 \u00e0s 17h30<br \/>\ud83d\udccd Local: \u00c1rea central de Hercul\u00e2ndia<br \/>\ud83d\udccc Endere\u00e7o: Rua Quinze de Novembro, 202<br \/>\ud83d\udccd Centro Hercul\u00e2ndia (interior de SP)<\/p>\n<p><strong>HostingPRESS Ag\u00eancia de Not\u00edcias de S\u00e3o Paulo<\/strong><br \/>Conte\u00fado distribu\u00eddo por nossa Central de Jornalismo<br \/>Reprodu\u00e7\u00e3o autorizada mediante cr\u00e9dito da fonte<\/p>\n<p>Portal criado para conectar os leitores da regi\u00e3o ao melhor conte\u00fado<\/p>\n<p>Somos l\u00edderes de audi\u00eancia local. Somos sociais.\u00a0Conecte-se conosco.<\/p>\n<\/p><\/div>\n<section>  \t<img alt=\"Avatar photo\" src=\"https:\/\/hostingpress.com.br\/wp-content\/uploads\/2026\/03\/cropped-Divilgacao-95x95.jpeg\"  height=\"95\" width=\"95\" decoding=\"async\">\t \t<\/p>\n<div>\n<p>Vinicius Moror\u00f3<\/p>\n<p>Editor-Executivo-Regional | Jornalista | Diretor Editorial    Editor-Executivo-Regional da HostingPress Ag\u00eancia de Not\u00edcias de S\u00e3o Paulo, com atua\u00e7\u00e3o voltada \u00e0 coordena\u00e7\u00e3o editorial regional, articula\u00e7\u00e3o com ve\u00edculos parceiros e fortalecimento da distribui\u00e7\u00e3o de conte\u00fado jornal\u00edstico no Estado de S\u00e3o Paulo.      Editor-chefe do Jornal Impacto Cotia, com foco em jornalismo investigativo, interesse p\u00fablico e an\u00e1lise cr\u00edtica de temas pol\u00edticos, sociais e institucionais.<\/p>\n<\/p><\/div>\n<\/section>\n","protected":false},"excerpt":{"rendered":"<p>Projeto itinerante oferece oficinas e atividades educativas gratuitas at\u00e9 quarta-feira (25) A carreta do Museu Catavento iniciou nesta segunda-feira (23) atividades em Hercul\u00e2ndia, na regi\u00e3o de Mar\u00edlia, no interior de S\u00e3o Paulo. A a\u00e7\u00e3o integra o programa estadual \u201cCultSP na Estrada\u201d e oferece experi\u00eancias cient\u00edficas e oficinas educativas gratuitas para a popula\u00e7\u00e3o local. A iniciativa<\/p>\n","protected":false},"author":808,"featured_media":155560,"comment_status":"closed","ping_status":"closed","sticky":false,"template":"","format":"standard","meta":{"footnotes":""},"categories":[72,1],"tags":[],"class_list":{"0":"post-155559","1":"post","2":"type-post","3":"status-publish","4":"format-standard","5":"has-post-thumbnail","7":"category-feiras-e-exposicoes","8":"category-todas-noticias"},"_links":{"self":[{"href":"https:\/\/obuxixeiro.com.br\/index.php?rest_route=\/wp\/v2\/posts\/155559","targetHints":{"allow":["GET"]}}],"collection":[{"href":"https:\/\/obuxixeiro.com.br\/index.php?rest_route=\/wp\/v2\/posts"}],"about":[{"href":"https:\/\/obuxixeiro.com.br\/index.php?rest_route=\/wp\/v2\/types\/post"}],"author":[{"embeddable":true,"href":"https:\/\/obuxixeiro.com.br\/index.php?rest_route=\/wp\/v2\/users\/808"}],"replies":[{"embeddable":true,"href":"https:\/\/obuxixeiro.com.br\/index.php?rest_route=%2Fwp%2Fv2%2Fcomments&post=155559"}],"version-history":[{"count":0,"href":"https:\/\/obuxixeiro.com.br\/index.php?rest_route=\/wp\/v2\/posts\/155559\/revisions"}],"wp:featuredmedia":[{"embeddable":true,"href":"https:\/\/obuxixeiro.com.br\/index.php?rest_route=\/wp\/v2\/media\/155560"}],"wp:attachment":[{"href":"https:\/\/obuxixeiro.com.br\/index.php?rest_route=%2Fwp%2Fv2%2Fmedia&parent=155559"}],"wp:term":[{"taxonomy":"category","embeddable":true,"href":"https:\/\/obuxixeiro.com.br\/index.php?rest_route=%2Fwp%2Fv2%2Fcategories&post=155559"},{"taxonomy":"post_tag","embeddable":true,"href":"https:\/\/obuxixeiro.com.br\/index.php?rest_route=%2Fwp%2Fv2%2Ftags&post=155559"}],"curies":[{"name":"wp","href":"https:\/\/api.w.org\/{rel}","templated":true}]}}