{"id":155564,"date":"2026-04-14T23:53:00","date_gmt":"2026-04-15T02:53:00","guid":{"rendered":"https:\/\/obuxixeiro.com.br\/2026\/04\/14\/grupo-encapuzado-invade-predio-da-usp-em-sao-paulo\/"},"modified":"2026-04-14T23:53:00","modified_gmt":"2026-04-15T02:53:00","slug":"grupo-encapuzado-invade-predio-da-usp-em-sao-paulo","status":"publish","type":"post","link":"https:\/\/obuxixeiro.com.br\/?p=155564","title":{"rendered":"Grupo encapuzado invade pr\u00e9dio da USP em S\u00e3o Paulo"},"content":{"rendered":"\n<div>\n<p><strong>Ocorr\u00eancia foi registrada dentro da universidade; circunst\u00e2ncias ainda est\u00e3o sendo apuradas<\/strong><\/p>\n<p>Um grupo de pessoas encapuzadas invadiu um pr\u00e9dio da Universidade de S\u00e3o Paulo, na capital paulista, em um caso registrado recentemente dentro da institui\u00e7\u00e3o.<\/p>\n<p>De acordo com as informa\u00e7\u00f5es divulgadas, os indiv\u00edduos entraram no local sem autoriza\u00e7\u00e3o. Ainda n\u00e3o h\u00e1 detalhamento completo sobre <strong>quantas pessoas participaram da a\u00e7\u00e3o, quais \u00e1reas foram afetadas ou se houve danos ao patrim\u00f4nio<\/strong>.<\/p>\n<p>Tamb\u00e9m n\u00e3o foram divulgadas, at\u00e9 o momento, informa\u00e7\u00f5es sobre <strong>pris\u00f5es ou identifica\u00e7\u00e3o dos envolvidos<\/strong>, e as circunst\u00e2ncias do caso seguem em apura\u00e7\u00e3o.<\/p>\n<p>A ocorr\u00eancia levanta questionamentos sobre a seguran\u00e7a em espa\u00e7os universit\u00e1rios, que costumam ter circula\u00e7\u00e3o aberta, mas o material dispon\u00edvel n\u00e3o indica, neste momento, motiva\u00e7\u00e3o confirmada para a invas\u00e3o.<\/p>\n<p>A Universidade de S\u00e3o Paulo n\u00e3o detalhou publicamente todas as medidas adotadas ap\u00f3s o epis\u00f3dio, nem eventuais mudan\u00e7as nos protocolos de seguran\u00e7a.<\/p>\n<p><strong>HostingPRESS Ag\u00eancia de Not\u00edcias de S\u00e3o Paulo<\/strong><br \/>Conte\u00fado distribu\u00eddo por nossa Central de Jornalismo<br \/>Reprodu\u00e7\u00e3o autorizada mediante cr\u00e9dito da fonte<\/p>\n<p>Portal criado para conectar os leitores da regi\u00e3o ao melhor conte\u00fado<\/p>\n<p>Somos l\u00edderes de audi\u00eancia local. Somos sociais.\u00a0Conecte-se conosco.<\/p>\n<\/p><\/div>\n<section>  \t<img alt=\"Avatar photo\" src=\"https:\/\/hostingpress.com.br\/wp-content\/uploads\/2026\/03\/cropped-Divilgacao-95x95.jpeg\"  height=\"95\" width=\"95\" decoding=\"async\">\t \t<\/p>\n<div>\n<p>Vinicius Moror\u00f3<\/p>\n<p>Editor-Executivo-Regional | Jornalista | Diretor Editorial    Editor-Executivo-Regional da HostingPress Ag\u00eancia de Not\u00edcias de S\u00e3o Paulo, com atua\u00e7\u00e3o voltada \u00e0 coordena\u00e7\u00e3o editorial regional, articula\u00e7\u00e3o com ve\u00edculos parceiros e fortalecimento da distribui\u00e7\u00e3o de conte\u00fado jornal\u00edstico no Estado de S\u00e3o Paulo.      Editor-chefe do Jornal Impacto Cotia, com foco em jornalismo investigativo, interesse p\u00fablico e an\u00e1lise cr\u00edtica de temas pol\u00edticos, sociais e institucionais.<\/p>\n<\/p><\/div>\n<\/section>\n","protected":false},"excerpt":{"rendered":"<p>Ocorr\u00eancia foi registrada dentro da universidade; circunst\u00e2ncias ainda est\u00e3o sendo apuradas Um grupo de pessoas encapuzadas invadiu um pr\u00e9dio da Universidade de S\u00e3o Paulo, na capital paulista, em um caso registrado recentemente dentro da institui\u00e7\u00e3o. De acordo com as informa\u00e7\u00f5es divulgadas, os indiv\u00edduos entraram no local sem autoriza\u00e7\u00e3o. Ainda n\u00e3o h\u00e1 detalhamento completo sobre quantas<\/p>\n","protected":false},"author":808,"featured_media":155567,"comment_status":"closed","ping_status":"closed","sticky":false,"template":"","format":"standard","meta":{"footnotes":""},"categories":[79,1],"tags":[],"class_list":{"0":"post-155564","1":"post","2":"type-post","3":"status-publish","4":"format-standard","5":"has-post-thumbnail","7":"category-destaque-nacional","8":"category-todas-noticias"},"_links":{"self":[{"href":"https:\/\/obuxixeiro.com.br\/index.php?rest_route=\/wp\/v2\/posts\/155564","targetHints":{"allow":["GET"]}}],"collection":[{"href":"https:\/\/obuxixeiro.com.br\/index.php?rest_route=\/wp\/v2\/posts"}],"about":[{"href":"https:\/\/obuxixeiro.com.br\/index.php?rest_route=\/wp\/v2\/types\/post"}],"author":[{"embeddable":true,"href":"https:\/\/obuxixeiro.com.br\/index.php?rest_route=\/wp\/v2\/users\/808"}],"replies":[{"embeddable":true,"href":"https:\/\/obuxixeiro.com.br\/index.php?rest_route=%2Fwp%2Fv2%2Fcomments&post=155564"}],"version-history":[{"count":0,"href":"https:\/\/obuxixeiro.com.br\/index.php?rest_route=\/wp\/v2\/posts\/155564\/revisions"}],"wp:featuredmedia":[{"embeddable":true,"href":"https:\/\/obuxixeiro.com.br\/index.php?rest_route=\/wp\/v2\/media\/155567"}],"wp:attachment":[{"href":"https:\/\/obuxixeiro.com.br\/index.php?rest_route=%2Fwp%2Fv2%2Fmedia&parent=155564"}],"wp:term":[{"taxonomy":"category","embeddable":true,"href":"https:\/\/obuxixeiro.com.br\/index.php?rest_route=%2Fwp%2Fv2%2Fcategories&post=155564"},{"taxonomy":"post_tag","embeddable":true,"href":"https:\/\/obuxixeiro.com.br\/index.php?rest_route=%2Fwp%2Fv2%2Ftags&post=155564"}],"curies":[{"name":"wp","href":"https:\/\/api.w.org\/{rel}","templated":true}]}}